{"id":4200,"date":"2024-05-09T11:59:47","date_gmt":"2024-05-09T11:59:47","guid":{"rendered":"https:\/\/irmasdoroteias.pt\/?p=4200"},"modified":"2024-05-12T13:39:09","modified_gmt":"2024-05-12T13:39:09","slug":"a-minha-escola-de-sonho-copy-copy-copy-copy-copy-copy-copy-copy-2-copy-copy-copy-copy-copy-copy-copy-copy","status":"publish","type":"post","link":"https:\/\/irmasdoroteias.pt\/?p=4200","title":{"rendered":"Visita ao Col\u00e9gio Montesi\u00f3n \u2013 Palma de Maiorca 1\u00a0"},"content":{"rendered":"\n<p>(15 e 16 de janeiro de 2024)<\/p>\n\n\n\n<p class=\"has-cyan-bluish-gray-background-color has-background\">Autoria: Maria Cabanas&nbsp;<br>Centro Educativo\/Institui\u00e7\u00e3o: Col\u00e9gio de Santa Doroteia<br>Contacto:&nbsp;maria.cabanas@csdoroteia.info<\/p>\n\n\n\n<div class=\"ghostkit-grid ghostkit-grid-gap-md\"><div class=\"ghostkit-grid-inner\">\n<div class=\"ghostkit-col ghostkit-col-md-12 ghostkit-col-7\"><div class=\"ghostkit-col-content\">\n<h2 class=\"wp-block-heading\" id=\"visita-ao-colegio-montesion-palma-de-maiorca\">Visita ao Col\u00e9gio Montesi\u00f3n \u2013 Palma de Maiorca<\/h2>\n\n\n\n<p>De cora\u00e7\u00e3o aberto e com enorme expetativa, cheg\u00e1mos ao Col\u00e9gio Montesi\u00f3n, em Palma de Maiorca, para conhecermos a sua realidade educativa.<\/p>\n\n\n\n<p>Fomos recebidos, com enorme simpatia, pelos Diretores dos Ensinos Prim\u00e1rio e Secund\u00e1rio que, de forma simples, mas muito motivadora, nos fizeram uma abordagem explicativa do contexto espec\u00edfico do seu Projeto Educativo.<\/p>\n\n\n\n<p>Foi destacada a forma como procederam \u00e0 reforma pedag\u00f3gica e ao processo de mudan\u00e7a educativa que desenvolveram em 2016\/2017. Salientaram que o momento inicial e decisivo foi a clarifica\u00e7\u00e3o das raz\u00f5es da mudan\u00e7a e dos objetivos a alcan\u00e7ar. Durante um ano letivo preparam-se em duas vertentes: a forma\u00e7\u00e3o dos Professores e as altera\u00e7\u00f5es estruturais do edif\u00edcio. Estavam conscientes de que a mudan\u00e7a dos espa\u00e7os e dos equipamentos tinha de acompanhar simultaneamente a reforma curricular e pedag\u00f3gica. Referiram que, no in\u00edcio, hesitaram e tamb\u00e9m tiveram algumas d\u00favidas, as quais foram superadas porque trabalharam em equipas de Professores que se conheciam muito bem. O \u201cmedo\u201d deu lugar \u00e0 confian\u00e7a partilhada e \u00e0 necessidade de constru\u00edrem um novo modelo educativo que melhorasse os processos de ensino\/aprendizagem favor\u00e1veis \u00e0 forma\u00e7\u00e3o integral do Aluno.&nbsp;<\/p>\n\n\n\n<p>As principais mudan\u00e7as pedag\u00f3gicas aconteceram na organiza\u00e7\u00e3o curricular, na ado\u00e7\u00e3o da metodologia de trabalho de projeto e na distribui\u00e7\u00e3o do servi\u00e7o docente. Cada Professor leciona apenas um ano de escolaridade, trabalhando em codoc\u00eancia na planifica\u00e7\u00e3o e prepara\u00e7\u00e3o de todos os projetos e materiais, n\u00e3o existindo manuais escolares adotados. No entanto, nem todas as disciplinas trabalham em projeto, pelo que existem diversas metodologias e din\u00e2micas de aulas, sendo umas mais pr\u00e1ticas e outras mais te\u00f3ricas, em fun\u00e7\u00e3o das necessidades de explicita\u00e7\u00e3o dos temas a trabalhar.&nbsp;<\/p>\n\n\n\n<p>Simultaneamente, foram projetadas as grandes altera\u00e7\u00f5es nos espa\u00e7os e equipamentos, tornando-se estes mais amplos e coloridos, mais tecnol\u00f3gicos e adaptados \u00e0s novas din\u00e2micas letivas, onde o Aluno \u00e9 o protagonista. As aulas acontecem em salas com mobili\u00e1rio variado e multifuncional e em anfiteatros polivalentes para aprendizagens especificas. Nos dois dias que pass\u00e1mos no Col\u00e9gio, foi poss\u00edvel observar um ambiente escolar tranquilo e alegre. Um espa\u00e7o onde se estabelecem rela\u00e7\u00f5es pedag\u00f3gicas pr\u00f3ximas, favor\u00e1veis ao ensino e \u00e0s aprendizagens formativas e integrais dos Alunos.<\/p>\n\n\n\n<p>Regress\u00e1mos n\u00e3o s\u00f3 com a alegria do conhecimento, mas tamb\u00e9m com a consci\u00eancia da import\u00e2ncia de saber adequar a inova\u00e7\u00e3o pedag\u00f3gica a cada realidade educativa, procurando sempre melhorar toda a din\u00e2mica escolar em fun\u00e7\u00e3o de um objetivo maior \u2013 o Aluno no centro da sua aprendizagem.<\/p>\n<\/div><\/div>\n\n\n\n<div class=\"ghostkit-col ghostkit-col-md-12 ghostkit-col-5\"><div class=\"ghostkit-col-content\"><div class=\"wp-block-image\">\n<figure class=\"aligncenter size-full\"><img decoding=\"async\" loading=\"lazy\" width=\"1020\" height=\"595\" src=\"https:\/\/irmasdoroteias.pt\/wp-content\/uploads\/2024\/05\/Picture-4.jpg\" alt=\"\" class=\"wp-image-4201\"\/><figcaption class=\"wp-element-caption\">Espa\u00e7os de aprendizagem.<\/figcaption><\/figure><\/div><\/div><\/div>\n<\/div><\/div>\n\n\n\n<h3 class=\"wp-block-heading\" id=\"artigos-da-newsletter-de-maio-2024\">Artigos da newsletter de maio 2024<\/h3>\n\n\n\n\t\t\t<div class=\"wp-block-uagb-post-grid uagb-post-grid  uagb-post__image-position-top uagb-post__image-disabled uagb-block-8368a7cd     uagb-post__items uagb-post__columns-3 is-grid uagb-post__columns-tablet-2 uagb-post__columns-mobile-1 uagb-post__equal-height\" data-total=\"1\" style=\"\">\n\n\t\t\t\t\t\t\t\t\t\t\t\t<article class=\"uagb-post__inner-wrap\">\t\t\t\t\t\t\t\t<h5 class=\"uagb-post__title uagb-post__text\">\n\t\t\t\t<a href=\"https:\/\/irmasdoroteias.pt\/?p=4216\" target=\"_self\" rel=\"bookmark noopener noreferrer\">Maio 2024<\/a>\n\t\t\t<\/h5>\n\t\t\t\t\t\t<div class='uagb-post__text uagb-post-grid-byline'>\n\t\t\t\t\t\t\t<\/div>\n\t\t\t\t\t\t\t<div class='uagb-post__text uagb-post__excerpt'>\n\t\t\t\t\t<p>Newsletter B\u00fassola 21 #7 &#8211; Ver para Crer EDITORIAL Joaquim Azevedo Ver para Crer Joaquim Azevedo Ser como um dos doze, n\u00e3o \u00e9 defeito, \u00e9 mesmo vontade de fazer caminho, de crescer. Tom\u00e9 disse aos&#8230;\t\t\t\t<\/div>\n\t\t\t\t\t\t<div class=\"uagb-post__text uagb-post__cta wp-block-button\">\n\t\t\t\t<a class=\"wp-block-button__link uagb-text-link\" href=\"https:\/\/irmasdoroteias.pt\/?p=4216\" target=\"_self\" rel=\"bookmark noopener noreferrer\">Ler o artigo<\/a>\n\t\t\t<\/div>\n\t\t\t\t\t\t\t\t\t\t\t\t<\/article>\n\t\t\t\t\t\t\t\t\t\t\t\t\t\t\t\t<article class=\"uagb-post__inner-wrap\">\t\t\t\t\t\t\t\t<h5 class=\"uagb-post__title uagb-post__text\">\n\t\t\t\t<a href=\"https:\/\/irmasdoroteias.pt\/?p=4203\" target=\"_self\" rel=\"bookmark noopener noreferrer\">Reggio Emilia \u2013 uma viagem transformadora<\/a>\n\t\t\t<\/h5>\n\t\t\t\t\t\t<div class='uagb-post__text uagb-post-grid-byline'>\n\t\t\t\t\t\t\t<\/div>\n\t\t\t\t\t\t\t<div class='uagb-post__text uagb-post__excerpt'>\n\t\t\t\t\t<p>Autoria: Mary Katherine Ribeiro Martins e Silva&nbsp;Centro Educativo\/Institui\u00e7\u00e3o: Obra Social Paulo VIContacto:&nbsp;katherine.silva@obrasocialpaulovi.pt Reggio Emilia \u2013 uma viagem transformadora No passado m\u00eas de mar\u00e7o, durante uma semana, participei num grupo de estudos em Reggio Emilia, organizado&#8230;\t\t\t\t<\/div>\n\t\t\t\t\t\t<div class=\"uagb-post__text uagb-post__cta wp-block-button\">\n\t\t\t\t<a class=\"wp-block-button__link uagb-text-link\" href=\"https:\/\/irmasdoroteias.pt\/?p=4203\" target=\"_self\" rel=\"bookmark noopener noreferrer\">Ler o artigo<\/a>\n\t\t\t<\/div>\n\t\t\t\t\t\t\t\t\t\t\t\t<\/article>\n\t\t\t\t\t\t\t\t\t\t\t\t\t\t\t\t<article class=\"uagb-post__inner-wrap\">\t\t\t\t\t\t\t\t<h5 class=\"uagb-post__title uagb-post__text\">\n\t\t\t\t<a href=\"https:\/\/irmasdoroteias.pt\/?p=4197\" target=\"_self\" rel=\"bookmark noopener noreferrer\">Visita \u00e0 OSMOPE (Porto)<\/a>\n\t\t\t<\/h5>\n\t\t\t\t\t\t<div class='uagb-post__text uagb-post-grid-byline'>\n\t\t\t\t\t\t\t<\/div>\n\t\t\t\t\t\t\t<div class='uagb-post__text uagb-post__excerpt'>\n\t\t\t\t\t<p>Autoria: In\u00eas Rodrigues, Isabel Noval, Carla Paquete&nbsp;Centro Educativo\/Institui\u00e7\u00e3o: Col\u00e9gio Nossa Senhora da PazContacto:&nbsp;inesrodrigues@colegiodapaz.org; isabelnoval@colegiodapaz.org; carlapaquete@colegiodapaz.org Visita \u00e0 OSMOPE (Porto) Durante a interrup\u00e7\u00e3o letiva da P\u00e1scoa pareceu-nos pertinente visitar um jardim-de-inf\u00e2ncia fora da rede da congrega\u00e7\u00e3o&#8230;\t\t\t\t<\/div>\n\t\t\t\t\t\t<div class=\"uagb-post__text uagb-post__cta wp-block-button\">\n\t\t\t\t<a class=\"wp-block-button__link uagb-text-link\" href=\"https:\/\/irmasdoroteias.pt\/?p=4197\" target=\"_self\" rel=\"bookmark noopener noreferrer\">Ler o artigo<\/a>\n\t\t\t<\/div>\n\t\t\t\t\t\t\t\t\t\t\t\t<\/article>\n\t\t\t\t\t\t\t\t\t\t\t\t\t\t\t\t<article class=\"uagb-post__inner-wrap\">\t\t\t\t\t\t\t\t<h5 class=\"uagb-post__title uagb-post__text\">\n\t\t\t\t<a href=\"https:\/\/irmasdoroteias.pt\/?p=4193\" target=\"_self\" rel=\"bookmark noopener noreferrer\">Visita ao Col\u00e9gio Montes\u00edon \u2013 Palma de Maiorca 2<\/a>\n\t\t\t<\/h5>\n\t\t\t\t\t\t<div class='uagb-post__text uagb-post-grid-byline'>\n\t\t\t\t\t\t\t<\/div>\n\t\t\t\t\t\t\t<div class='uagb-post__text uagb-post__excerpt'>\n\t\t\t\t\t<p>Autoria: Isabel Teixeira e Ol\u00edvio PintoCentro Educativo\/Institui\u00e7\u00e3o: Col\u00e9gio Nossa Senhora da PazContacto:\u00a0isabelteixeira@colegiodapaz.org; oliviopinto@colegiodapaz.org Visita ao Col\u00e9gio Montes\u00edon \u2013 Palma de Maiorca Nos passados dias 15 e 16 de janeiro, visit\u00e1mos o Col\u00e9gio Montes\u00edon, em Palma&#8230;\t\t\t\t<\/div>\n\t\t\t\t\t\t<div class=\"uagb-post__text uagb-post__cta wp-block-button\">\n\t\t\t\t<a class=\"wp-block-button__link uagb-text-link\" href=\"https:\/\/irmasdoroteias.pt\/?p=4193\" target=\"_self\" rel=\"bookmark noopener noreferrer\">Ler o artigo<\/a>\n\t\t\t<\/div>\n\t\t\t\t\t\t\t\t\t\t\t\t<\/article>\n\t\t\t\t\t\t\t\t\t\t\t\t\t\t\t\t<article class=\"uagb-post__inner-wrap\">\t\t\t\t\t\t\t\t<h5 class=\"uagb-post__title uagb-post__text\">\n\t\t\t\t<a href=\"https:\/\/irmasdoroteias.pt\/?p=4188\" target=\"_self\" rel=\"bookmark noopener noreferrer\">pouco, GRANDE, poss\u00edvel<\/a>\n\t\t\t<\/h5>\n\t\t\t\t\t\t<div class='uagb-post__text uagb-post-grid-byline'>\n\t\t\t\t\t\t\t<\/div>\n\t\t\t\t\t\t\t<div class='uagb-post__text uagb-post__excerpt'>\n\t\t\t\t\t<p>Autoria: Margarida Rodrigues BaldaqueCentro Educativo\/Institui\u00e7\u00e3o: Col\u00e9gio Nossa Senhora da PazContacto:&nbsp;margaridabaldaque@colegiodapaz.org pouco, GRANDE, poss\u00edvel Sair de portas \u00e9 sempre uma oportunidade para aprender e, por isso, queremos agradecer muito a possibilidade de termos visitado o&nbsp;Agrupamento de&#8230;\t\t\t\t<\/div>\n\t\t\t\t\t\t<div class=\"uagb-post__text uagb-post__cta wp-block-button\">\n\t\t\t\t<a class=\"wp-block-button__link uagb-text-link\" href=\"https:\/\/irmasdoroteias.pt\/?p=4188\" target=\"_self\" rel=\"bookmark noopener noreferrer\">Ler o artigo<\/a>\n\t\t\t<\/div>\n\t\t\t\t\t\t\t\t\t\t\t\t<\/article>\n\t\t\t\t\t\t\t\t\t\t\t\t\t\t\t\t<article class=\"uagb-post__inner-wrap\">\t\t\t\t\t\t\t\t<h5 class=\"uagb-post__title uagb-post__text\">\n\t\t\t\t<a href=\"https:\/\/irmasdoroteias.pt\/?p=4182\" target=\"_self\" rel=\"bookmark noopener noreferrer\">Editorial 2024<\/a>\n\t\t\t<\/h5>\n\t\t\t\t\t\t<div class='uagb-post__text uagb-post-grid-byline'>\n\t\t\t\t\t\t\t<\/div>\n\t\t\t\t\t\t\t<div class='uagb-post__text uagb-post__excerpt'>\n\t\t\t\t\t<p>Newsletter B\u00fassola 21 #7 &#8211; Ver para crer EDITORIAL Joaquim Azevedo Ser como um dos doze, n\u00e3o \u00e9 defeito, \u00e9 mesmo vontade de fazer caminho, de crescer. Tom\u00e9 disse aos seus amigos algo que n\u00f3s&#8230;\t\t\t\t<\/div>\n\t\t\t\t\t\t<div class=\"uagb-post__text uagb-post__cta wp-block-button\">\n\t\t\t\t<a class=\"wp-block-button__link uagb-text-link\" href=\"https:\/\/irmasdoroteias.pt\/?p=4182\" target=\"_self\" rel=\"bookmark noopener noreferrer\">Ler o artigo<\/a>\n\t\t\t<\/div>\n\t\t\t\t\t\t\t\t\t\t\t\t<\/article>\n\t\t\t\t\t\t\t\t\t\t\t<\/div>\n\t\t\t","protected":false},"excerpt":{"rendered":"<p>(15 e 16 de janeiro de 2024) Autoria: Maria Cabanas&nbsp;Centro Educativo\/Institui\u00e7\u00e3o: Col\u00e9gio de Santa DoroteiaContacto:&nbsp;maria.cabanas@csdoroteia.info Artigos da newsletter de maio 2024<\/p>\n","protected":false},"author":1,"featured_media":0,"comment_status":"closed","ping_status":"closed","sticky":false,"template":"","format":"standard","meta":{"_uag_custom_page_level_css":"","ghostkit_customizer_options":"","ghostkit_custom_css":"","ghostkit_custom_js_head":"","ghostkit_custom_js_foot":"","ghostkit_typography":""},"categories":[123,114],"tags":[226],"uagb_featured_image_src":{"full":false,"thumbnail":false,"medium":false,"medium_large":false,"large":false,"1536x1536":false,"2048x2048":false},"uagb_author_info":{"display_name":"Irm\u00e3s Doroteias","author_link":"https:\/\/irmasdoroteias.pt\/?author=1"},"uagb_comment_info":0,"uagb_excerpt":"(15 e 16 de janeiro de 2024) Autoria: Maria Cabanas&nbsp;Centro Educativo\/Institui\u00e7\u00e3o: Col\u00e9gio de Santa DoroteiaContacto:&nbsp;maria.cabanas@csdoroteia.info Artigos da newsletter de maio 2024","rttpg_featured_image_url":null,"rttpg_author":{"display_name":"Irm\u00e3s Doroteias","author_link":"https:\/\/irmasdoroteias.pt\/?author=1"},"rttpg_comment":0,"rttpg_category":"<a href=\"https:\/\/irmasdoroteias.pt\/?cat=123\" rel=\"category\">artigos_newsletter<\/a> <a href=\"https:\/\/irmasdoroteias.pt\/?cat=114\" rel=\"category\">B\u00fassola21<\/a>","rttpg_excerpt":"(15 e 16 de janeiro de 2024) Autoria: Maria Cabanas&nbsp;Centro Educativo\/Institui\u00e7\u00e3o: Col\u00e9gio de Santa DoroteiaContacto:&nbsp;maria.cabanas@csdoroteia.info Artigos da newsletter de maio 2024","post_mailing_queue_ids":[],"_links":{"self":[{"href":"https:\/\/irmasdoroteias.pt\/index.php?rest_route=\/wp\/v2\/posts\/4200"}],"collection":[{"href":"https:\/\/irmasdoroteias.pt\/index.php?rest_route=\/wp\/v2\/posts"}],"about":[{"href":"https:\/\/irmasdoroteias.pt\/index.php?rest_route=\/wp\/v2\/types\/post"}],"author":[{"embeddable":true,"href":"https:\/\/irmasdoroteias.pt\/index.php?rest_route=\/wp\/v2\/users\/1"}],"replies":[{"embeddable":true,"href":"https:\/\/irmasdoroteias.pt\/index.php?rest_route=%2Fwp%2Fv2%2Fcomments&post=4200"}],"version-history":[{"count":3,"href":"https:\/\/irmasdoroteias.pt\/index.php?rest_route=\/wp\/v2\/posts\/4200\/revisions"}],"predecessor-version":[{"id":4233,"href":"https:\/\/irmasdoroteias.pt\/index.php?rest_route=\/wp\/v2\/posts\/4200\/revisions\/4233"}],"wp:attachment":[{"href":"https:\/\/irmasdoroteias.pt\/index.php?rest_route=%2Fwp%2Fv2%2Fmedia&parent=4200"}],"wp:term":[{"taxonomy":"category","embeddable":true,"href":"https:\/\/irmasdoroteias.pt\/index.php?rest_route=%2Fwp%2Fv2%2Fcategories&post=4200"},{"taxonomy":"post_tag","embeddable":true,"href":"https:\/\/irmasdoroteias.pt\/index.php?rest_route=%2Fwp%2Fv2%2Ftags&post=4200"}],"curies":[{"name":"wp","href":"https:\/\/api.w.org\/{rel}","templated":true}]}}