{"id":4182,"date":"2024-05-09T11:37:44","date_gmt":"2024-05-09T11:37:44","guid":{"rendered":"https:\/\/irmasdoroteias.pt\/?p=4182"},"modified":"2024-05-12T13:40:15","modified_gmt":"2024-05-12T13:40:15","slug":"editorial-2024","status":"publish","type":"post","link":"https:\/\/irmasdoroteias.pt\/?p=4182","title":{"rendered":"Editorial 2024"},"content":{"rendered":"\n<h3 class=\"wp-block-heading\" id=\"newsletter-bussola-21-7-ver-para-crer\"><strong>Newsletter B\u00fassola 21 #7 &#8211; <strong>Ver para crer<\/strong><\/strong><\/h3>\n\n\n\n<h5 class=\"wp-block-heading has-white-color has-text-color has-background\" id=\"editorial\" style=\"background-color:#5dd9c1\">EDITORIAL<\/h5>\n\n\n\n<div class=\"ghostkit-grid ghostkit-grid-gap-md ghostkit-grid-justify-content-center\"><div class=\"ghostkit-grid-inner\">\n<div class=\"ghostkit-col ghostkit-col-md-12 ghostkit-col-6\"><div class=\"ghostkit-col-content\"><div class=\"wp-block-image\">\n<figure class=\"aligncenter size-full is-resized\"><img decoding=\"async\" loading=\"lazy\" src=\"https:\/\/irmasdoroteias.pt\/wp-content\/uploads\/2024\/05\/JA_IMG_5446-1.jpg\" alt=\"Joaquim Azevedo\" class=\"wp-image-4185\" width=\"278\" height=\"420\"\/><figcaption class=\"wp-element-caption\">Joaquim Azevedo<\/figcaption><\/figure><\/div><\/div><\/div>\n\n\n\n<div class=\"ghostkit-col ghostkit-col-md-12 ghostkit-col-6\"><div class=\"ghostkit-col-content\"><\/div><\/div>\n<\/div><\/div>\n\n\n\n<p>Ser como um dos doze, n\u00e3o \u00e9 defeito, \u00e9 mesmo vontade de fazer caminho, de crescer. Tom\u00e9 disse aos seus amigos algo que n\u00f3s repetimos uns aos outros: se eu n\u00e3o puder ver a inova\u00e7\u00e3o educacional a acontecer, se eu n\u00e3o conseguir estar l\u00e1 e ver aquilo a funcionar, se n\u00e3o respirar e sentir esse ambiente concreto, n\u00e3o acredito no que me dizem. Somos crentes, mas falta-nos ainda dar mais um passo, romper o medo e mergulhar no novo ambiente para acreditar. E acreditar \u00e9 mesmo um passo intranspon\u00edvel para nos podermos envolver nos caminhos da inova\u00e7\u00e3o educacional.<\/p>\n\n\n\n<p>Muitos dos que alinham nos esfor\u00e7os em prol da inova\u00e7\u00e3o e da melhoria da educa\u00e7\u00e3o, mas continuam com a cabe\u00e7a no \u201cantigamente\u201d, sem acreditar que tempos novos s\u00e3o necess\u00e1rios e poss\u00edveis, que estes tempos exigem uma nova atitude e implicam ver para al\u00e9m dos riscos que se correm, agindo como ovelhas de um rebanho, \u201cs\u00f3 para n\u00e3o parecer mal\u201d, claudicar\u00e3o \u00e0 primeira contrariedade (e haver\u00e1 muitas). Muito mais s\u00e1bio \u00e9 agir como Tom\u00e9 (que se chama o G\u00e9meo, para nos podermos facilmente \u201ccolar\u201d a ele), querer ver, exigir sentir e respirar esse novo ar. Agimos assim porque queremos vir a acreditar!<\/p>\n\n\n\n<p>Sabem bem o quanto valorizo e incentivo as visitas cruzadas entre escolas. Ver, sentir, respirar os novos ambientes educativos constitui um pequeno passo, mas muitas vezes um passo decisivo, para que se rompam as barreiras que n\u00e3o nos deixam ver o outro lado da realidade, o poss\u00edvel que parecia imposs\u00edvel e inalcan\u00e7\u00e1vel, uma luz onde s\u00f3 havia d\u00favidas, medo, suspei\u00e7\u00f5es e preconceitos.&nbsp;<\/p>\n\n\n\n<p>Acreditar numa educa\u00e7\u00e3o que faz de cada aluno\/a \u201cprotagonista da sua vida e agente de transforma\u00e7\u00e3o da realidade\u201d \u00e9 mesmo a base comum em que devemos estar fortemente sintonizados. Ter d\u00favidas e coloc\u00e1-las em cima da mesa \u00e9 muito positivo e salutar, querer ver para crer \u00e9 um caminho que pode dar muito fruto, como no caso de Tom\u00e9. Pode n\u00e3o mudar nada, mas pode transformar tudo.<\/p>\n\n\n\n<p>\u00c9 pena que alguns Centros Educativos se fechem tanto dentro dos seus muros. Esse caminho s\u00f3 ajuda a perder o contacto com a inova\u00e7\u00e3o educacional que, por todo o lado, se nos imp\u00f5e. N\u00e3o \u00e9 caminho, \u00e9 buraco. A educa\u00e7\u00e3o das crian\u00e7as e dos jovens convidam-nos sempre a sair, a partir, a caminhar, a perguntar, a duvidar, a querer ver mais e melhor, a renovar a esperan\u00e7a e, assim, ACREDITAR.<\/p>\n\n\n\n<p><\/p>\n\n\n\n<h3 class=\"wp-block-heading\" id=\"artigos-da-newsletter-de-maio-2024\">Artigos da newsletter de maio 2024<\/h3>\n\n\n\n\t\t\t<div class=\"wp-block-uagb-post-grid uagb-post-grid  uagb-post__image-position-top uagb-post__image-disabled uagb-block-386c7211     uagb-post__items uagb-post__columns-3 is-grid uagb-post__columns-tablet-2 uagb-post__columns-mobile-1 uagb-post__equal-height\" data-total=\"1\" style=\"\">\n\n\t\t\t\t\t\t\t\t\t\t\t\t<article class=\"uagb-post__inner-wrap\">\t\t\t\t\t\t\t\t<h5 class=\"uagb-post__title uagb-post__text\">\n\t\t\t\t<a href=\"https:\/\/irmasdoroteias.pt\/?p=4216\" target=\"_self\" rel=\"bookmark noopener noreferrer\">Maio 2024<\/a>\n\t\t\t<\/h5>\n\t\t\t\t\t\t<div class='uagb-post__text uagb-post-grid-byline'>\n\t\t\t\t\t\t\t<\/div>\n\t\t\t\t\t\t\t<div class='uagb-post__text uagb-post__excerpt'>\n\t\t\t\t\t<p>Newsletter B\u00fassola 21 #7 &#8211; Ver para Crer EDITORIAL Joaquim Azevedo Ver para Crer Joaquim Azevedo Ser como um dos doze, n\u00e3o \u00e9 defeito, \u00e9 mesmo vontade de fazer caminho, de crescer. Tom\u00e9 disse aos&#8230;\t\t\t\t<\/div>\n\t\t\t\t\t\t<div class=\"uagb-post__text uagb-post__cta wp-block-button\">\n\t\t\t\t<a class=\"wp-block-button__link uagb-text-link\" href=\"https:\/\/irmasdoroteias.pt\/?p=4216\" target=\"_self\" rel=\"bookmark noopener noreferrer\">Ler o artigo<\/a>\n\t\t\t<\/div>\n\t\t\t\t\t\t\t\t\t\t\t\t<\/article>\n\t\t\t\t\t\t\t\t\t\t\t\t\t\t\t\t<article class=\"uagb-post__inner-wrap\">\t\t\t\t\t\t\t\t<h5 class=\"uagb-post__title uagb-post__text\">\n\t\t\t\t<a href=\"https:\/\/irmasdoroteias.pt\/?p=4203\" target=\"_self\" rel=\"bookmark noopener noreferrer\">Reggio Emilia \u2013 uma viagem transformadora<\/a>\n\t\t\t<\/h5>\n\t\t\t\t\t\t<div class='uagb-post__text uagb-post-grid-byline'>\n\t\t\t\t\t\t\t<\/div>\n\t\t\t\t\t\t\t<div class='uagb-post__text uagb-post__excerpt'>\n\t\t\t\t\t<p>Autoria: Mary Katherine Ribeiro Martins e Silva&nbsp;Centro Educativo\/Institui\u00e7\u00e3o: Obra Social Paulo VIContacto:&nbsp;katherine.silva@obrasocialpaulovi.pt Reggio Emilia \u2013 uma viagem transformadora No passado m\u00eas de mar\u00e7o, durante uma semana, participei num grupo de estudos em Reggio Emilia, organizado&#8230;\t\t\t\t<\/div>\n\t\t\t\t\t\t<div class=\"uagb-post__text uagb-post__cta wp-block-button\">\n\t\t\t\t<a class=\"wp-block-button__link uagb-text-link\" href=\"https:\/\/irmasdoroteias.pt\/?p=4203\" target=\"_self\" rel=\"bookmark noopener noreferrer\">Ler o artigo<\/a>\n\t\t\t<\/div>\n\t\t\t\t\t\t\t\t\t\t\t\t<\/article>\n\t\t\t\t\t\t\t\t\t\t\t\t\t\t\t\t<article class=\"uagb-post__inner-wrap\">\t\t\t\t\t\t\t\t<h5 class=\"uagb-post__title uagb-post__text\">\n\t\t\t\t<a href=\"https:\/\/irmasdoroteias.pt\/?p=4200\" target=\"_self\" rel=\"bookmark noopener noreferrer\">Visita ao Col\u00e9gio Montesi\u00f3n \u2013 Palma de Maiorca 1\u00a0<\/a>\n\t\t\t<\/h5>\n\t\t\t\t\t\t<div class='uagb-post__text uagb-post-grid-byline'>\n\t\t\t\t\t\t\t<\/div>\n\t\t\t\t\t\t\t<div class='uagb-post__text uagb-post__excerpt'>\n\t\t\t\t\t<p>(15 e 16 de janeiro de 2024) Autoria: Maria Cabanas&nbsp;Centro Educativo\/Institui\u00e7\u00e3o: Col\u00e9gio de Santa DoroteiaContacto:&nbsp;maria.cabanas@csdoroteia.info Visita ao Col\u00e9gio Montesi\u00f3n \u2013 Palma de Maiorca De cora\u00e7\u00e3o aberto e com enorme expetativa, cheg\u00e1mos ao Col\u00e9gio Montesi\u00f3n, em&#8230;\t\t\t\t<\/div>\n\t\t\t\t\t\t<div class=\"uagb-post__text uagb-post__cta wp-block-button\">\n\t\t\t\t<a class=\"wp-block-button__link uagb-text-link\" href=\"https:\/\/irmasdoroteias.pt\/?p=4200\" target=\"_self\" rel=\"bookmark noopener noreferrer\">Ler o artigo<\/a>\n\t\t\t<\/div>\n\t\t\t\t\t\t\t\t\t\t\t\t<\/article>\n\t\t\t\t\t\t\t\t\t\t\t\t\t\t\t\t<article class=\"uagb-post__inner-wrap\">\t\t\t\t\t\t\t\t<h5 class=\"uagb-post__title uagb-post__text\">\n\t\t\t\t<a href=\"https:\/\/irmasdoroteias.pt\/?p=4197\" target=\"_self\" rel=\"bookmark noopener noreferrer\">Visita \u00e0 OSMOPE (Porto)<\/a>\n\t\t\t<\/h5>\n\t\t\t\t\t\t<div class='uagb-post__text uagb-post-grid-byline'>\n\t\t\t\t\t\t\t<\/div>\n\t\t\t\t\t\t\t<div class='uagb-post__text uagb-post__excerpt'>\n\t\t\t\t\t<p>Autoria: In\u00eas Rodrigues, Isabel Noval, Carla Paquete&nbsp;Centro Educativo\/Institui\u00e7\u00e3o: Col\u00e9gio Nossa Senhora da PazContacto:&nbsp;inesrodrigues@colegiodapaz.org; isabelnoval@colegiodapaz.org; carlapaquete@colegiodapaz.org Visita \u00e0 OSMOPE (Porto) Durante a interrup\u00e7\u00e3o letiva da P\u00e1scoa pareceu-nos pertinente visitar um jardim-de-inf\u00e2ncia fora da rede da congrega\u00e7\u00e3o&#8230;\t\t\t\t<\/div>\n\t\t\t\t\t\t<div class=\"uagb-post__text uagb-post__cta wp-block-button\">\n\t\t\t\t<a class=\"wp-block-button__link uagb-text-link\" href=\"https:\/\/irmasdoroteias.pt\/?p=4197\" target=\"_self\" rel=\"bookmark noopener noreferrer\">Ler o artigo<\/a>\n\t\t\t<\/div>\n\t\t\t\t\t\t\t\t\t\t\t\t<\/article>\n\t\t\t\t\t\t\t\t\t\t\t\t\t\t\t\t<article class=\"uagb-post__inner-wrap\">\t\t\t\t\t\t\t\t<h5 class=\"uagb-post__title uagb-post__text\">\n\t\t\t\t<a href=\"https:\/\/irmasdoroteias.pt\/?p=4193\" target=\"_self\" rel=\"bookmark noopener noreferrer\">Visita ao Col\u00e9gio Montes\u00edon \u2013 Palma de Maiorca 2<\/a>\n\t\t\t<\/h5>\n\t\t\t\t\t\t<div class='uagb-post__text uagb-post-grid-byline'>\n\t\t\t\t\t\t\t<\/div>\n\t\t\t\t\t\t\t<div class='uagb-post__text uagb-post__excerpt'>\n\t\t\t\t\t<p>Autoria: Isabel Teixeira e Ol\u00edvio PintoCentro Educativo\/Institui\u00e7\u00e3o: Col\u00e9gio Nossa Senhora da PazContacto:\u00a0isabelteixeira@colegiodapaz.org; oliviopinto@colegiodapaz.org Visita ao Col\u00e9gio Montes\u00edon \u2013 Palma de Maiorca Nos passados dias 15 e 16 de janeiro, visit\u00e1mos o Col\u00e9gio Montes\u00edon, em Palma&#8230;\t\t\t\t<\/div>\n\t\t\t\t\t\t<div class=\"uagb-post__text uagb-post__cta wp-block-button\">\n\t\t\t\t<a class=\"wp-block-button__link uagb-text-link\" href=\"https:\/\/irmasdoroteias.pt\/?p=4193\" target=\"_self\" rel=\"bookmark noopener noreferrer\">Ler o artigo<\/a>\n\t\t\t<\/div>\n\t\t\t\t\t\t\t\t\t\t\t\t<\/article>\n\t\t\t\t\t\t\t\t\t\t\t\t\t\t\t\t<article class=\"uagb-post__inner-wrap\">\t\t\t\t\t\t\t\t<h5 class=\"uagb-post__title uagb-post__text\">\n\t\t\t\t<a href=\"https:\/\/irmasdoroteias.pt\/?p=4188\" target=\"_self\" rel=\"bookmark noopener noreferrer\">pouco, GRANDE, poss\u00edvel<\/a>\n\t\t\t<\/h5>\n\t\t\t\t\t\t<div class='uagb-post__text uagb-post-grid-byline'>\n\t\t\t\t\t\t\t<\/div>\n\t\t\t\t\t\t\t<div class='uagb-post__text uagb-post__excerpt'>\n\t\t\t\t\t<p>Autoria: Margarida Rodrigues BaldaqueCentro Educativo\/Institui\u00e7\u00e3o: Col\u00e9gio Nossa Senhora da PazContacto:&nbsp;margaridabaldaque@colegiodapaz.org pouco, GRANDE, poss\u00edvel Sair de portas \u00e9 sempre uma oportunidade para aprender e, por isso, queremos agradecer muito a possibilidade de termos visitado o&nbsp;Agrupamento de&#8230;\t\t\t\t<\/div>\n\t\t\t\t\t\t<div class=\"uagb-post__text uagb-post__cta wp-block-button\">\n\t\t\t\t<a class=\"wp-block-button__link uagb-text-link\" href=\"https:\/\/irmasdoroteias.pt\/?p=4188\" target=\"_self\" rel=\"bookmark noopener noreferrer\">Ler o artigo<\/a>\n\t\t\t<\/div>\n\t\t\t\t\t\t\t\t\t\t\t\t<\/article>\n\t\t\t\t\t\t\t\t\t\t\t<\/div>\n\t\t\t","protected":false},"excerpt":{"rendered":"<p>Newsletter B\u00fassola 21 #7 &#8211; Ver para crer EDITORIAL Ser como um dos doze, n\u00e3o \u00e9 defeito, \u00e9 mesmo vontade de fazer caminho, de crescer. Tom\u00e9 disse aos seus amigos algo que n\u00f3s repetimos uns aos outros: se eu n\u00e3o puder ver a inova\u00e7\u00e3o educacional a acontecer, se eu n\u00e3o conseguir estar l\u00e1 e ver [&hellip;]<\/p>\n","protected":false},"author":1,"featured_media":0,"comment_status":"closed","ping_status":"closed","sticky":false,"template":"","format":"standard","meta":{"_uag_custom_page_level_css":"","ghostkit_customizer_options":"","ghostkit_custom_css":"","ghostkit_custom_js_head":"","ghostkit_custom_js_foot":"","ghostkit_typography":""},"categories":[123,114],"tags":[226],"uagb_featured_image_src":{"full":false,"thumbnail":false,"medium":false,"medium_large":false,"large":false,"1536x1536":false,"2048x2048":false},"uagb_author_info":{"display_name":"Irm\u00e3s Doroteias","author_link":"https:\/\/irmasdoroteias.pt\/?author=1"},"uagb_comment_info":0,"uagb_excerpt":"Newsletter B\u00fassola 21 #7 &#8211; Ver para crer EDITORIAL Ser como um dos doze, n\u00e3o \u00e9 defeito, \u00e9 mesmo vontade de fazer caminho, de crescer. Tom\u00e9 disse aos seus amigos algo que n\u00f3s repetimos uns aos outros: se eu n\u00e3o puder ver a inova\u00e7\u00e3o educacional a acontecer, se eu n\u00e3o conseguir estar l\u00e1 e ver&hellip;","rttpg_featured_image_url":null,"rttpg_author":{"display_name":"Irm\u00e3s Doroteias","author_link":"https:\/\/irmasdoroteias.pt\/?author=1"},"rttpg_comment":0,"rttpg_category":"<a href=\"https:\/\/irmasdoroteias.pt\/?cat=123\" rel=\"category\">artigos_newsletter<\/a> <a href=\"https:\/\/irmasdoroteias.pt\/?cat=114\" rel=\"category\">B\u00fassola21<\/a>","rttpg_excerpt":"Newsletter B\u00fassola 21 #7 &#8211; Ver para crer EDITORIAL Ser como um dos doze, n\u00e3o \u00e9 defeito, \u00e9 mesmo vontade de fazer caminho, de crescer. Tom\u00e9 disse aos seus amigos algo que n\u00f3s repetimos uns aos outros: se eu n\u00e3o puder ver a inova\u00e7\u00e3o educacional a acontecer, se eu n\u00e3o conseguir estar l\u00e1 e ver&hellip;","post_mailing_queue_ids":[],"_links":{"self":[{"href":"https:\/\/irmasdoroteias.pt\/index.php?rest_route=\/wp\/v2\/posts\/4182"}],"collection":[{"href":"https:\/\/irmasdoroteias.pt\/index.php?rest_route=\/wp\/v2\/posts"}],"about":[{"href":"https:\/\/irmasdoroteias.pt\/index.php?rest_route=\/wp\/v2\/types\/post"}],"author":[{"embeddable":true,"href":"https:\/\/irmasdoroteias.pt\/index.php?rest_route=\/wp\/v2\/users\/1"}],"replies":[{"embeddable":true,"href":"https:\/\/irmasdoroteias.pt\/index.php?rest_route=%2Fwp%2Fv2%2Fcomments&post=4182"}],"version-history":[{"count":6,"href":"https:\/\/irmasdoroteias.pt\/index.php?rest_route=\/wp\/v2\/posts\/4182\/revisions"}],"predecessor-version":[{"id":4235,"href":"https:\/\/irmasdoroteias.pt\/index.php?rest_route=\/wp\/v2\/posts\/4182\/revisions\/4235"}],"wp:attachment":[{"href":"https:\/\/irmasdoroteias.pt\/index.php?rest_route=%2Fwp%2Fv2%2Fmedia&parent=4182"}],"wp:term":[{"taxonomy":"category","embeddable":true,"href":"https:\/\/irmasdoroteias.pt\/index.php?rest_route=%2Fwp%2Fv2%2Fcategories&post=4182"},{"taxonomy":"post_tag","embeddable":true,"href":"https:\/\/irmasdoroteias.pt\/index.php?rest_route=%2Fwp%2Fv2%2Ftags&post=4182"}],"curies":[{"name":"wp","href":"https:\/\/api.w.org\/{rel}","templated":true}]}}