{"id":3593,"date":"2022-01-27T19:07:57","date_gmt":"2022-01-27T19:07:57","guid":{"rendered":"https:\/\/irmasdoroteias.pt\/?p=3593"},"modified":"2022-02-27T22:09:13","modified_gmt":"2022-02-27T22:09:13","slug":"pedido-de-oracoes-pelo-capitulo-geral-xxii","status":"publish","type":"post","link":"https:\/\/irmasdoroteias.pt\/?p=3593","title":{"rendered":"Pedido de ora\u00e7\u00f5es pelo Cap\u00edtulo Geral XXII"},"content":{"rendered":"\n<p><strong><em>\u201cRegressaram \u00e0 sua terra por outro caminho\u2026\u201d<\/em><\/strong><\/p>\n\n\n\n<p>N\u00f3s, Irm\u00e3s Doroteias, realizaremos o nosso Cap\u00edtulo Geral XXII, em Roma, nos dias 03 a 20 de mar\u00e7o de 2022 e, por isso, vimos pedir<br>uma ora\u00e7\u00e3o especial a todos para que, \u00e0 semelhan\u00e7a dos Reis Magos, possamos tamb\u00e9m n\u00f3s regressar por outro caminho de maior convers\u00e3o e fidelidade ao Amor do Senhor que nos chamou n\u00e3o s\u00f3 a segui-Lo como a identificarmo-nos com Ele atrav\u00e9s do Seu estilo de vida: livre, pobre e humilde.<\/p>\n\n\n\n<p>Agradecemos a todos a vossa ora\u00e7\u00e3o.<\/p>\n\n\n\n<p>As Irm\u00e3s Doroteias<\/p>\n","protected":false},"excerpt":{"rendered":"<p>\u201cRegressaram \u00e0 sua terra por outro caminho\u2026\u201d N\u00f3s, Irm\u00e3s Doroteias, realizaremos o nosso Cap\u00edtulo Geral XXII, em Roma, nos dias 03 a 20 de mar\u00e7o de 2022 e, por isso, vimos pediruma ora\u00e7\u00e3o especial a todos para que, \u00e0 semelhan\u00e7a dos Reis Magos, possamos tamb\u00e9m n\u00f3s regressar por outro caminho de maior convers\u00e3o e fidelidade [&hellip;]<\/p>\n","protected":false},"author":1,"featured_media":3597,"comment_status":"closed","ping_status":"closed","sticky":false,"template":"","format":"standard","meta":{"_uag_custom_page_level_css":"","ghostkit_customizer_options":"","ghostkit_custom_css":"","ghostkit_custom_js_head":"","ghostkit_custom_js_foot":"","ghostkit_typography":""},"categories":[110,5,4],"tags":[112],"uagb_featured_image_src":{"full":["https:\/\/irmasdoroteias.pt\/wp-content\/uploads\/2022\/01\/CGXII.jpg",1024,401,false],"thumbnail":["https:\/\/irmasdoroteias.pt\/wp-content\/uploads\/2022\/01\/CGXII.jpg",150,59,false],"medium":["https:\/\/irmasdoroteias.pt\/wp-content\/uploads\/2022\/01\/CGXII-300x117.jpg",300,117,true],"medium_large":["https:\/\/irmasdoroteias.pt\/wp-content\/uploads\/2022\/01\/CGXII.jpg",768,301,false],"large":["https:\/\/irmasdoroteias.pt\/wp-content\/uploads\/2022\/01\/CGXII.jpg",1024,401,false],"1536x1536":["https:\/\/irmasdoroteias.pt\/wp-content\/uploads\/2022\/01\/CGXII.jpg",1024,401,false],"2048x2048":["https:\/\/irmasdoroteias.pt\/wp-content\/uploads\/2022\/01\/CGXII.jpg",1024,401,false]},"uagb_author_info":{"display_name":"Irm\u00e3s Doroteias","author_link":"https:\/\/irmasdoroteias.pt\/?author=1"},"uagb_comment_info":0,"uagb_excerpt":"\u201cRegressaram \u00e0 sua terra por outro caminho\u2026\u201d N\u00f3s, Irm\u00e3s Doroteias, realizaremos o nosso Cap\u00edtulo Geral XXII, em Roma, nos dias 03 a 20 de mar\u00e7o de 2022 e, por isso, vimos pediruma ora\u00e7\u00e3o especial a todos para que, \u00e0 semelhan\u00e7a dos Reis Magos, possamos tamb\u00e9m n\u00f3s regressar por outro caminho de maior convers\u00e3o e fidelidade&hellip;","rttpg_featured_image_url":{"full":["https:\/\/irmasdoroteias.pt\/wp-content\/uploads\/2022\/01\/CGXII.jpg",1024,401,false],"landscape":["https:\/\/irmasdoroteias.pt\/wp-content\/uploads\/2022\/01\/CGXII.jpg",1024,401,false],"portraits":["https:\/\/irmasdoroteias.pt\/wp-content\/uploads\/2022\/01\/CGXII.jpg",1024,401,false],"thumbnail":["https:\/\/irmasdoroteias.pt\/wp-content\/uploads\/2022\/01\/CGXII.jpg",150,59,false],"medium":["https:\/\/irmasdoroteias.pt\/wp-content\/uploads\/2022\/01\/CGXII-300x117.jpg",300,117,true],"medium_large":["https:\/\/irmasdoroteias.pt\/wp-content\/uploads\/2022\/01\/CGXII.jpg",768,301,false],"large":["https:\/\/irmasdoroteias.pt\/wp-content\/uploads\/2022\/01\/CGXII.jpg",1024,401,false],"1536x1536":["https:\/\/irmasdoroteias.pt\/wp-content\/uploads\/2022\/01\/CGXII.jpg",1024,401,false],"2048x2048":["https:\/\/irmasdoroteias.pt\/wp-content\/uploads\/2022\/01\/CGXII.jpg",1024,401,false]},"rttpg_author":{"display_name":"Irm\u00e3s Doroteias","author_link":"https:\/\/irmasdoroteias.pt\/?author=1"},"rttpg_comment":0,"rttpg_category":"<a href=\"https:\/\/irmasdoroteias.pt\/?cat=110\" rel=\"category\">Cap\u00edtulo Geral XXII<\/a> <a href=\"https:\/\/irmasdoroteias.pt\/?cat=5\" rel=\"category\">Fam\u00edlia Doroteia<\/a> <a href=\"https:\/\/irmasdoroteias.pt\/?cat=4\" rel=\"category\">Not\u00edcias<\/a>","rttpg_excerpt":"\u201cRegressaram \u00e0 sua terra por outro caminho\u2026\u201d N\u00f3s, Irm\u00e3s Doroteias, realizaremos o nosso Cap\u00edtulo Geral XXII, em Roma, nos dias 03 a 20 de mar\u00e7o de 2022 e, por isso, vimos pediruma ora\u00e7\u00e3o especial a todos para que, \u00e0 semelhan\u00e7a dos Reis Magos, possamos tamb\u00e9m n\u00f3s regressar por outro caminho de maior convers\u00e3o e fidelidade&hellip;","post_mailing_queue_ids":[],"_links":{"self":[{"href":"https:\/\/irmasdoroteias.pt\/index.php?rest_route=\/wp\/v2\/posts\/3593"}],"collection":[{"href":"https:\/\/irmasdoroteias.pt\/index.php?rest_route=\/wp\/v2\/posts"}],"about":[{"href":"https:\/\/irmasdoroteias.pt\/index.php?rest_route=\/wp\/v2\/types\/post"}],"author":[{"embeddable":true,"href":"https:\/\/irmasdoroteias.pt\/index.php?rest_route=\/wp\/v2\/users\/1"}],"replies":[{"embeddable":true,"href":"https:\/\/irmasdoroteias.pt\/index.php?rest_route=%2Fwp%2Fv2%2Fcomments&post=3593"}],"version-history":[{"count":0,"href":"https:\/\/irmasdoroteias.pt\/index.php?rest_route=\/wp\/v2\/posts\/3593\/revisions"}],"wp:featuredmedia":[{"embeddable":true,"href":"https:\/\/irmasdoroteias.pt\/index.php?rest_route=\/wp\/v2\/media\/3597"}],"wp:attachment":[{"href":"https:\/\/irmasdoroteias.pt\/index.php?rest_route=%2Fwp%2Fv2%2Fmedia&parent=3593"}],"wp:term":[{"taxonomy":"category","embeddable":true,"href":"https:\/\/irmasdoroteias.pt\/index.php?rest_route=%2Fwp%2Fv2%2Fcategories&post=3593"},{"taxonomy":"post_tag","embeddable":true,"href":"https:\/\/irmasdoroteias.pt\/index.php?rest_route=%2Fwp%2Fv2%2Ftags&post=3593"}],"curies":[{"name":"wp","href":"https:\/\/api.w.org\/{rel}","templated":true}]}}