{"id":3332,"date":"2021-10-10T21:00:00","date_gmt":"2021-10-10T21:00:00","guid":{"rendered":"https:\/\/irmasdoroteias.pt\/?p=3332"},"modified":"2021-11-24T22:24:05","modified_gmt":"2021-11-24T22:24:05","slug":"lancamento-das-atividades-da-juventude-doroteia","status":"publish","type":"post","link":"https:\/\/irmasdoroteias.pt\/?p=3332","title":{"rendered":"Lan\u00e7amento das atividades da Juventude Doroteia"},"content":{"rendered":"\n<h5 class=\"wp-block-heading\">Atividades para 2021\/2022 <\/h5>\n\n\n\n<p><strong>Abre a tua agenda e regista as datas!!<\/strong> &#x2712;&#xfe0f;<\/p>\n\n\n\n<ul><li> <strong>12 dezembro<\/strong>: Viver advento como JD <\/li><li><strong>17 a 19 Dezembro<\/strong>: Exerc\u00edcios Espirituais de Advento para jovens <\/li><li><strong>23 de Janeiro<\/strong> &#8211; Caminhar rumo \u00e0s JMJ <\/li><li><strong>Forma\u00e7\u00e3o em voluntariado (tamb\u00e9m para animadores de Campusfrassi.net)<\/strong><ul><li>I M\u00f3dulo: 04 a 06 Fevereiro (F\u00e1tima) <\/li><li>II M\u00f3dulo: 04 a 06 Mar\u00e7o (Lisboa) <\/li><li>Miss\u00e3o P\u00e1scoa: 13 a 16 Abril (Sard\u00e3o) <\/li><\/ul><\/li><li><strong>8 de abril:<\/strong> Celebrar juntos a Quaresma <\/li><li><strong>21 e 22 Maio<\/strong>: Mini peregrina\u00e7\u00e3o <\/li><li><strong>28 julho a 2 agosto<\/strong>: Peregrina\u00e7\u00e3o a Santiago de Compostela <\/li><li><strong>03 a 07 Agosto<\/strong>: Encontro Europeu de Jovens em Santiago de Compostela <\/li><\/ul>\n\n\n\n<figure class=\"wp-block-embed is-type-video is-provider-youtube wp-block-embed-youtube wp-embed-aspect-16-9 wp-has-aspect-ratio\"><div class=\"wp-block-embed__wrapper\">\n<iframe loading=\"lazy\" title=\"Lan\u00e7amento das atividades Juventude Doroteia\" width=\"500\" height=\"281\" src=\"https:\/\/www.youtube.com\/embed\/M5I7K0PXo9A?start=1&#038;feature=oembed\" frameborder=\"0\" allow=\"accelerometer; autoplay; clipboard-write; encrypted-media; gyroscope; picture-in-picture\" allowfullscreen><\/iframe>\n<\/div><\/figure>\n\n\n\n<p><\/p>\n\n\n\n<p><\/p>\n","protected":false},"excerpt":{"rendered":"<p>Atividades para 2021\/2022 Abre a tua agenda e regista as datas!! &#x2712;&#xfe0f; 12 dezembro: Viver advento como JD 17 a 19 Dezembro: Exerc\u00edcios Espirituais de Advento para jovens 23 de Janeiro &#8211; Caminhar rumo \u00e0s JMJ Forma\u00e7\u00e3o em voluntariado (tamb\u00e9m para animadores de Campusfrassi.net) I M\u00f3dulo: 04 a 06 Fevereiro (F\u00e1tima) II M\u00f3dulo: 04 a [&hellip;]<\/p>\n","protected":false},"author":1,"featured_media":3334,"comment_status":"closed","ping_status":"closed","sticky":false,"template":"","format":"standard","meta":{"_uag_custom_page_level_css":"","ghostkit_customizer_options":"","ghostkit_custom_css":"","ghostkit_custom_js_head":"","ghostkit_custom_js_foot":"","ghostkit_typography":""},"categories":[6,4],"tags":[40,85],"uagb_featured_image_src":{"full":["https:\/\/irmasdoroteias.pt\/wp-content\/uploads\/2021\/10\/Imagem_JD.jpg",1024,401,false],"thumbnail":["https:\/\/irmasdoroteias.pt\/wp-content\/uploads\/2021\/10\/Imagem_JD.jpg",150,59,false],"medium":["https:\/\/irmasdoroteias.pt\/wp-content\/uploads\/2021\/10\/Imagem_JD-300x117.jpg",300,117,true],"medium_large":["https:\/\/irmasdoroteias.pt\/wp-content\/uploads\/2021\/10\/Imagem_JD.jpg",768,301,false],"large":["https:\/\/irmasdoroteias.pt\/wp-content\/uploads\/2021\/10\/Imagem_JD.jpg",1024,401,false],"1536x1536":["https:\/\/irmasdoroteias.pt\/wp-content\/uploads\/2021\/10\/Imagem_JD.jpg",1024,401,false],"2048x2048":["https:\/\/irmasdoroteias.pt\/wp-content\/uploads\/2021\/10\/Imagem_JD.jpg",1024,401,false]},"uagb_author_info":{"display_name":"Irm\u00e3s Doroteias","author_link":"https:\/\/irmasdoroteias.pt\/?author=1"},"uagb_comment_info":0,"uagb_excerpt":"Atividades para 2021\/2022 Abre a tua agenda e regista as datas!! &#x2712;&#xfe0f; 12 dezembro: Viver advento como JD 17 a 19 Dezembro: Exerc\u00edcios Espirituais de Advento para jovens 23 de Janeiro &#8211; Caminhar rumo \u00e0s JMJ Forma\u00e7\u00e3o em voluntariado (tamb\u00e9m para animadores de Campusfrassi.net) I M\u00f3dulo: 04 a 06 Fevereiro (F\u00e1tima) II M\u00f3dulo: 04 a&hellip;","rttpg_featured_image_url":{"full":["https:\/\/irmasdoroteias.pt\/wp-content\/uploads\/2021\/10\/Imagem_JD.jpg",1024,401,false],"landscape":["https:\/\/irmasdoroteias.pt\/wp-content\/uploads\/2021\/10\/Imagem_JD.jpg",1024,401,false],"portraits":["https:\/\/irmasdoroteias.pt\/wp-content\/uploads\/2021\/10\/Imagem_JD.jpg",1024,401,false],"thumbnail":["https:\/\/irmasdoroteias.pt\/wp-content\/uploads\/2021\/10\/Imagem_JD.jpg",150,59,false],"medium":["https:\/\/irmasdoroteias.pt\/wp-content\/uploads\/2021\/10\/Imagem_JD-300x117.jpg",300,117,true],"medium_large":["https:\/\/irmasdoroteias.pt\/wp-content\/uploads\/2021\/10\/Imagem_JD.jpg",768,301,false],"large":["https:\/\/irmasdoroteias.pt\/wp-content\/uploads\/2021\/10\/Imagem_JD.jpg",1024,401,false],"1536x1536":["https:\/\/irmasdoroteias.pt\/wp-content\/uploads\/2021\/10\/Imagem_JD.jpg",1024,401,false],"2048x2048":["https:\/\/irmasdoroteias.pt\/wp-content\/uploads\/2021\/10\/Imagem_JD.jpg",1024,401,false]},"rttpg_author":{"display_name":"Irm\u00e3s Doroteias","author_link":"https:\/\/irmasdoroteias.pt\/?author=1"},"rttpg_comment":0,"rttpg_category":"<a href=\"https:\/\/irmasdoroteias.pt\/?cat=6\" rel=\"category\">Juventude Doroteia<\/a> <a href=\"https:\/\/irmasdoroteias.pt\/?cat=4\" rel=\"category\">Not\u00edcias<\/a>","rttpg_excerpt":"Atividades para 2021\/2022 Abre a tua agenda e regista as datas!! &#x2712;&#xfe0f; 12 dezembro: Viver advento como JD 17 a 19 Dezembro: Exerc\u00edcios Espirituais de Advento para jovens 23 de Janeiro &#8211; Caminhar rumo \u00e0s JMJ Forma\u00e7\u00e3o em voluntariado (tamb\u00e9m para animadores de Campusfrassi.net) I M\u00f3dulo: 04 a 06 Fevereiro (F\u00e1tima) II M\u00f3dulo: 04 a&hellip;","post_mailing_queue_ids":[],"_links":{"self":[{"href":"https:\/\/irmasdoroteias.pt\/index.php?rest_route=\/wp\/v2\/posts\/3332"}],"collection":[{"href":"https:\/\/irmasdoroteias.pt\/index.php?rest_route=\/wp\/v2\/posts"}],"about":[{"href":"https:\/\/irmasdoroteias.pt\/index.php?rest_route=\/wp\/v2\/types\/post"}],"author":[{"embeddable":true,"href":"https:\/\/irmasdoroteias.pt\/index.php?rest_route=\/wp\/v2\/users\/1"}],"replies":[{"embeddable":true,"href":"https:\/\/irmasdoroteias.pt\/index.php?rest_route=%2Fwp%2Fv2%2Fcomments&post=3332"}],"version-history":[{"count":0,"href":"https:\/\/irmasdoroteias.pt\/index.php?rest_route=\/wp\/v2\/posts\/3332\/revisions"}],"wp:featuredmedia":[{"embeddable":true,"href":"https:\/\/irmasdoroteias.pt\/index.php?rest_route=\/wp\/v2\/media\/3334"}],"wp:attachment":[{"href":"https:\/\/irmasdoroteias.pt\/index.php?rest_route=%2Fwp%2Fv2%2Fmedia&parent=3332"}],"wp:term":[{"taxonomy":"category","embeddable":true,"href":"https:\/\/irmasdoroteias.pt\/index.php?rest_route=%2Fwp%2Fv2%2Fcategories&post=3332"},{"taxonomy":"post_tag","embeddable":true,"href":"https:\/\/irmasdoroteias.pt\/index.php?rest_route=%2Fwp%2Fv2%2Ftags&post=3332"}],"curies":[{"name":"wp","href":"https:\/\/api.w.org\/{rel}","templated":true}]}}