{"id":3003,"date":"2021-06-05T14:25:47","date_gmt":"2021-06-05T14:25:47","guid":{"rendered":"https:\/\/irmasdoroteias.pt\/?p=3003"},"modified":"2021-07-12T20:23:47","modified_gmt":"2021-07-12T20:23:47","slug":"festa-de-santa-paula-12-de-junho","status":"publish","type":"post","link":"https:\/\/irmasdoroteias.pt\/?p=3003","title":{"rendered":"Festa de Santa Paula &#8211; 12 de Junho"},"content":{"rendered":"\n<h2 class=\"has-text-align-center wp-block-heading\"><strong><span style=\"color:#c6a532\" class=\"has-inline-color\">&#8211; Santa Paula &#8211;<\/span><\/strong><\/h2>\n\n\n\n<p class=\"has-text-align-center\"><span style=\"color:#c6a532\" class=\"has-inline-color\">re\u00fane os seus amigos e amigas <\/span><br><span style=\"color:#233960\" class=\"has-inline-color\"><strong>no dia 12 de Junho,<\/strong><\/span><span class=\"has-inline-color has-luminous-vivid-amber-color\"><strong> <\/strong><\/span><br><span style=\"color:#c6a532\" class=\"has-inline-color\">dia da sua<\/span><span class=\"has-inline-color has-luminous-vivid-amber-color\"> <\/span><span style=\"color:#233960\" class=\"has-inline-color\"><strong>festa<\/strong><\/span><span class=\"has-inline-color has-luminous-vivid-amber-color\"> <\/span><span style=\"color:#c6a532\" class=\"has-inline-color\">lit\u00fargica <\/span><br><span style=\"color:#c6a532\" class=\"has-inline-color\">numa Eucaristia <\/span><br><span style=\"color:#233960\" class=\"has-inline-color\"><strong>\u00e0s 12 horas<\/strong><\/span><\/p>\n\n\n\n<p class=\"has-text-align-center\"><span style=\"color:#233960\" class=\"has-inline-color\">Todos os anos, de modos diversos, temos celebrado a <strong>Festa da Amizade <\/strong>num encontro com Santa Paula que nos torna mais <strong>AMIGOS<\/strong> de Jesus e de uns  com os outros, e nos faz crescer como <strong>FAM\u00cdLIA DOROTEIA<\/strong> viva e comprometida na constru\u00e7\u00e3o da  <strong>GRANDE FAM\u00cdLIA DE DEUS.<\/strong><\/span><\/p>\n\n\n\n<p class=\"has-text-align-center\"><span style=\"color:#233960\" class=\"has-inline-color\">Este ano tem que ser <strong><em>online<\/em><\/strong>.<br>Mas vamos estar l\u00e1 todos &#8211; todos cabemos! &#8211; os que nos sentimos Fam\u00edlia: Irm\u00e3s, Juventude Doroteia, pessoas ligadas \u00e0s Irm\u00e3s que est\u00e3o em comunidades de inser\u00e7\u00e3o pastoral e social, nas Par\u00f3quias, Alunos, Pais, Educadores, Professores, Colaboradores dos Centros Educativos, Antigos\/as Alunos\/as, M\u00e3es de Paula, e&#8230;<\/span><\/p>\n\n\n\n<p class=\"has-text-align-center\"><span style=\"color:#233960\" class=\"has-inline-color\"><strong>AQUI FICA O LINK PARA PARTICIPAR&#8230;<\/strong><\/span><\/p>\n\n\n\n<figure class=\"wp-block-embed aligncenter is-type-video is-provider-youtube wp-block-embed-youtube wp-embed-aspect-16-9 wp-has-aspect-ratio\"><div class=\"wp-block-embed__wrapper\">\n<iframe loading=\"lazy\" title=\"Festa de Santa Paula\" width=\"500\" height=\"281\" src=\"https:\/\/www.youtube.com\/embed\/Vy8Um4TpBDA?feature=oembed\" frameborder=\"0\" allow=\"accelerometer; autoplay; clipboard-write; encrypted-media; gyroscope; picture-in-picture\" allowfullscreen><\/iframe>\n<\/div><\/figure>\n\n\n\n<p class=\"has-text-align-center\"><span style=\"color:#233960\" class=\"has-inline-color\">basta clicar e&#8230; logo se lhe abrir\u00e1 a Porta da Amizade, ficando em Fam\u00edlia a celebrar!<\/span><\/p>\n\n\n\n<p class=\"has-text-align-center\"><strong><span style=\"color:#233960\" class=\"has-inline-color\">Passe a mensagem a outros.<\/span><\/strong><\/p>\n\n\n\n<p class=\"has-text-align-center\"><span style=\"color:#233960\" class=\"has-inline-color\">A Eucaristia \u00e9 transmitida a partir do Linh\u00f3 onde muitas Irm\u00e3s se encontram reunidas com alguns Leigos.<\/span><\/p>\n","protected":false},"excerpt":{"rendered":"<p>&#8211; Santa Paula &#8211; re\u00fane os seus amigos e amigas no dia 12 de Junho, dia da sua festa lit\u00fargica numa Eucaristia \u00e0s 12 horas Todos os anos, de modos diversos, temos celebrado a Festa da Amizade num encontro com Santa Paula que nos torna mais AMIGOS de Jesus e de uns com os outros, [&hellip;]<\/p>\n","protected":false},"author":1,"featured_media":1219,"comment_status":"closed","ping_status":"closed","sticky":false,"template":"","format":"standard","meta":{"_uag_custom_page_level_css":"","ghostkit_customizer_options":"","ghostkit_custom_css":"","ghostkit_custom_js_head":"","ghostkit_custom_js_foot":"","ghostkit_typography":""},"categories":[5,4],"tags":[120,61,30],"uagb_featured_image_src":{"full":["https:\/\/irmasdoroteias.pt\/wp-content\/uploads\/2020\/06\/stPaula55.jpg",1100,352,false],"thumbnail":["https:\/\/irmasdoroteias.pt\/wp-content\/uploads\/2020\/06\/stPaula55.jpg",150,48,false],"medium":["https:\/\/irmasdoroteias.pt\/wp-content\/uploads\/2020\/06\/stPaula55-300x96.jpg",300,96,true],"medium_large":["https:\/\/irmasdoroteias.pt\/wp-content\/uploads\/2020\/06\/stPaula55.jpg",768,246,false],"large":["https:\/\/irmasdoroteias.pt\/wp-content\/uploads\/2020\/06\/stPaula55.jpg",1024,328,false],"1536x1536":["https:\/\/irmasdoroteias.pt\/wp-content\/uploads\/2020\/06\/stPaula55.jpg",1100,352,false],"2048x2048":["https:\/\/irmasdoroteias.pt\/wp-content\/uploads\/2020\/06\/stPaula55.jpg",1100,352,false]},"uagb_author_info":{"display_name":"Irm\u00e3s Doroteias","author_link":"https:\/\/irmasdoroteias.pt\/?author=1"},"uagb_comment_info":0,"uagb_excerpt":"&#8211; Santa Paula &#8211; re\u00fane os seus amigos e amigas no dia 12 de Junho, dia da sua festa lit\u00fargica numa Eucaristia \u00e0s 12 horas Todos os anos, de modos diversos, temos celebrado a Festa da Amizade num encontro com Santa Paula que nos torna mais AMIGOS de Jesus e de uns com os outros,&hellip;","rttpg_featured_image_url":{"full":["https:\/\/irmasdoroteias.pt\/wp-content\/uploads\/2020\/06\/stPaula55.jpg",1100,352,false],"landscape":["https:\/\/irmasdoroteias.pt\/wp-content\/uploads\/2020\/06\/stPaula55.jpg",1100,352,false],"portraits":["https:\/\/irmasdoroteias.pt\/wp-content\/uploads\/2020\/06\/stPaula55.jpg",1100,352,false],"thumbnail":["https:\/\/irmasdoroteias.pt\/wp-content\/uploads\/2020\/06\/stPaula55.jpg",150,48,false],"medium":["https:\/\/irmasdoroteias.pt\/wp-content\/uploads\/2020\/06\/stPaula55-300x96.jpg",300,96,true],"medium_large":["https:\/\/irmasdoroteias.pt\/wp-content\/uploads\/2020\/06\/stPaula55.jpg",768,246,false],"large":["https:\/\/irmasdoroteias.pt\/wp-content\/uploads\/2020\/06\/stPaula55.jpg",1024,328,false],"1536x1536":["https:\/\/irmasdoroteias.pt\/wp-content\/uploads\/2020\/06\/stPaula55.jpg",1100,352,false],"2048x2048":["https:\/\/irmasdoroteias.pt\/wp-content\/uploads\/2020\/06\/stPaula55.jpg",1100,352,false]},"rttpg_author":{"display_name":"Irm\u00e3s Doroteias","author_link":"https:\/\/irmasdoroteias.pt\/?author=1"},"rttpg_comment":0,"rttpg_category":"<a href=\"https:\/\/irmasdoroteias.pt\/?cat=5\" rel=\"category\">Fam\u00edlia Doroteia<\/a> <a href=\"https:\/\/irmasdoroteias.pt\/?cat=4\" rel=\"category\">Not\u00edcias<\/a>","rttpg_excerpt":"&#8211; Santa Paula &#8211; re\u00fane os seus amigos e amigas no dia 12 de Junho, dia da sua festa lit\u00fargica numa Eucaristia \u00e0s 12 horas Todos os anos, de modos diversos, temos celebrado a Festa da Amizade num encontro com Santa Paula que nos torna mais AMIGOS de Jesus e de uns com os outros,&hellip;","post_mailing_queue_ids":[],"_links":{"self":[{"href":"https:\/\/irmasdoroteias.pt\/index.php?rest_route=\/wp\/v2\/posts\/3003"}],"collection":[{"href":"https:\/\/irmasdoroteias.pt\/index.php?rest_route=\/wp\/v2\/posts"}],"about":[{"href":"https:\/\/irmasdoroteias.pt\/index.php?rest_route=\/wp\/v2\/types\/post"}],"author":[{"embeddable":true,"href":"https:\/\/irmasdoroteias.pt\/index.php?rest_route=\/wp\/v2\/users\/1"}],"replies":[{"embeddable":true,"href":"https:\/\/irmasdoroteias.pt\/index.php?rest_route=%2Fwp%2Fv2%2Fcomments&post=3003"}],"version-history":[{"count":0,"href":"https:\/\/irmasdoroteias.pt\/index.php?rest_route=\/wp\/v2\/posts\/3003\/revisions"}],"wp:featuredmedia":[{"embeddable":true,"href":"https:\/\/irmasdoroteias.pt\/index.php?rest_route=\/wp\/v2\/media\/1219"}],"wp:attachment":[{"href":"https:\/\/irmasdoroteias.pt\/index.php?rest_route=%2Fwp%2Fv2%2Fmedia&parent=3003"}],"wp:term":[{"taxonomy":"category","embeddable":true,"href":"https:\/\/irmasdoroteias.pt\/index.php?rest_route=%2Fwp%2Fv2%2Fcategories&post=3003"},{"taxonomy":"post_tag","embeddable":true,"href":"https:\/\/irmasdoroteias.pt\/index.php?rest_route=%2Fwp%2Fv2%2Ftags&post=3003"}],"curies":[{"name":"wp","href":"https:\/\/api.w.org\/{rel}","templated":true}]}}