{"id":2733,"date":"2021-03-20T16:13:23","date_gmt":"2021-03-20T16:13:23","guid":{"rendered":"https:\/\/irmasdoroteias.pt\/?p=2733"},"modified":"2021-03-20T16:13:23","modified_gmt":"2021-03-20T16:13:23","slug":"a-compaixao-que-devolve-razoes-de-existir","status":"publish","type":"post","link":"https:\/\/irmasdoroteias.pt\/?p=2733","title":{"rendered":"A COMPAIX\u00c3O QUE DEVOLVE RAZ\u00d5ES DE EXISTIR"},"content":{"rendered":"\n<p><strong>\u201cChamei-vos Amigos\u2026 porque tudo o que ouvi de Meu Pai vo-lo dei a conhecer\u201d (II)<\/strong><\/p>\n\n\n\n<h1 class=\"wp-block-heading\">Leitura<\/h1>\n\n\n\n<blockquote class=\"wp-block-quote\"><p><em>Em seguida, dirigiu-se a uma cidade chamada Naim, indo com Ele os seus disc\u00edpulos e uma grande multid\u00e3o.\u00a0Quando estavam perto da porta da cidade, viram que levavam um defunto a sepultar, filho \u00fanico de sua m\u00e3e, que era vi\u00fava; e, a acompanh\u00e1-la, vinha muita gente da cidade.\u00a0Vendo-a, o Senhor compadeceu-se dela e disse-lhe: \u00abN\u00e3o chores.\u00bb\u00a0Aproximando-se, tocou no caix\u00e3o, e os que o transportavam pararam. Disse ent\u00e3o: \u00abJovem, Eu te ordeno: Levanta-te!\u00bb\u00a0O morto sentou-se e come\u00e7ou a falar. E Jesus entregou-o \u00e0 sua m\u00e3e.<\/em><br><em>O temor apoderou-se de todos, e davam gl\u00f3ria a Deus, dizendo: \u00abSurgiu entre n\u00f3s um grande profeta e Deus visitou o seu povo!\u00bb\u00a0 E a fama deste milagre espalhou-se pela Judeia e por toda a regi\u00e3o.<\/em><br>(Lc  7,11-17)<\/p><\/blockquote>\n\n\n\n<h4 class=\"wp-block-heading\">Gra\u00e7a a pedir<\/h4>\n\n\n\n<p>Pedir a gra\u00e7a de me deixar levantar por Jesus<\/p>\n\n\n\n<h4 class=\"wp-block-heading\">1\u00ba ponto \u2013 <strong>Jesus entregou o filho a sua m\u00e3e<\/strong><\/h4>\n\n\n\n<p>Ao entrar na cidade, com uma multid\u00e3o que o segue cheia de entusiasmo, Jesus confronta-se com outra multid\u00e3o que sai da cidade a chorar levando um jovem para sepultar.<\/p>\n\n\n\n<p>Tantos cortejos de morte que nem pudemos ver, nem acompanhar durante esta pandemia\u2026 tantas situa\u00e7\u00f5es de morte que transportamos sem lhe ver sa\u00edda\u2026 e, no entanto, Jesus vem sempre em sentido contr\u00e1rio \u00e0quele que conduz \u00e0 morte\u2026<\/p>\n\n\n\n<p>Vendo o choro da m\u00e3e, pela morte do filho, Jesus comoveu-se, teve compaix\u00e3o dela. \u00c9 ela que est\u00e1 no centro desta cena. Uma m\u00e3e, vi\u00fava, que levava o filho \u00fanico a sepultar. Sem marido e sem filho esta mulher n\u00e3o tinha sentido de perten\u00e7a, por ser mulher de ningu\u00e9m; nem miss\u00e3o, porque ningu\u00e9m lhe chamava m\u00e3e. Perdia-se aqui o seu sentido de viver, a possibilidade de cuidar e ser cuidada.<\/p>\n\n\n\n<p>Nas l\u00e1grimas desta mulher Jesus viu a sua dor mais profunda, a dor da solid\u00e3o, do abandono, do sem sentido, e n\u00e3o prende a compaix\u00e3o que o habita. O choro diante da morte e solid\u00e3o movem-no \u00e0 vida.<\/p>\n\n\n\n<p>Aproxima-se e toca o caix\u00e3o, manda parar o cortejo de morte, f\u00e1-lo mudar de dire\u00e7\u00e3o, no sentido da vida: \u201cJovem, eu te ordeno: Levanta-te\u201d. O jovem levantou-se e Jesus entregou-o \u00e0 m\u00e3e. Devolveu-lhe a raz\u00e3o de existir com a possibilidade de continuar a ser m\u00e3e. Restaurou a vida do filho e a vida da m\u00e3e.<\/p>\n\n\n\n<h4 class=\"wp-block-heading\">2\u00ba ponto \u2013 <strong>A compaix\u00e3o move Paula a Portugal<\/strong><\/h4>\n\n\n\n<p>Depois de ter enviado as Irm\u00e3s para Portugal, Paula, manifesta a compaix\u00e3o que a move. Sem olhar ao seu conforto, idade, sa\u00fade, p\u00f5e-se a caminho em dire\u00e7\u00e3o \u00e0s suas irm\u00e3s. Com o cuidado de m\u00e3e, quer vir, estar com cada uma, confortar, estimular, encorajar.<\/p>\n\n\n\n<blockquote class=\"wp-block-quote\"><p>\u201c<em>Mas o encontro com a Irm\u00e3 Pingiani n\u00e3o era o \u00fanico objectivo da Fundadora, ao projetar uma viagem a Portugal: desejava conhecer pessoalmente a numerosa fam\u00edlia que o Senhor lhe tinha dado naquele Reino, e afastar do esp\u00edrito das suas Filhas portuguesas qualquer suspeita que nelas pudesse suscitar o dem\u00f3nio de n\u00e3o serem t\u00e3o amadas como as Irm\u00e3s italianas, pelo facto de estas serem visitadas pela Madre Fundadora quase todos os anos, ao passo que as portuguesas nunca a tinham visto no meio delas.Eram estas as inten\u00e7\u00f5es da nossa Fundadora; mas, acima de todos os seus projetos, por mais santos que pudessem parecer-lhe, estava a vontade de Deus, e para se conformar com ela superaria todas as dificuldades e tudo sacrificaria, se temesse afastar-se o m\u00ednimo que fosse da divina vontade\u2026Se Deus lhe mostrasse ser sua vontade que ela partisse, partiria imediatamente, sem ter em conta a sua natural repugn\u00e2ncia pelas viagens, ou os perigos que teria de enfrentar, ou at\u00e9 o dano que talvez sofresse a sua sa\u00fade\u201d<\/em><br><em>(Mem\u00f3rias p. 359).<\/em><\/p><\/blockquote>\n\n\n\n<h4 class=\"wp-block-heading\">3\u00ba ponto \u2013 <strong>Como vivo a experiencia deste amor compaix\u00e3o<\/strong><\/h4>\n\n\n\n<p>A multid\u00e3o que segue Jesus, at\u00e9 \u00e0 cidade, \u00e9 uma multid\u00e3o que duma maneira ou doutra experimentou a compaix\u00e3o de Jesus. Esta multid\u00e3o move-se pela esperan\u00e7a, pelo entusiasmo e confian\u00e7a absoluta no amor compaix\u00e3o de Jesus.<\/p>\n\n\n\n<p>A multid\u00e3o que sai da cidade \u00e9 uma multid\u00e3o que se fixa na dor, na perda e que olha para a morte como se fosse o fim do mundo. Mesmo nesta situa\u00e7\u00e3o pode experimentar a surpresa transformadora da presen\u00e7a de Jesus.<\/p>\n\n\n\n<ul><li>A que multid\u00e3o perten\u00e7o? Com que multid\u00e3o me pare\u00e7o?<\/li><\/ul>\n\n\n\n<p>Porque Paula experimentou o amor compaix\u00e3o de Jesus, foi amor compaix\u00e3o para as suas irm\u00e3s e todos os que tocavam as suas vidas.<\/p>\n\n\n\n<ul><li>Quem \u00e9 que foi para mim presen\u00e7a deste amor compaix\u00e3o de Jesus? Para quem \u00e9 que j\u00e1 fui amor compaix\u00e3o? Em que situa\u00e7\u00f5es?<\/li><\/ul>\n\n\n\n<ul><li>Como quero deixar-me tocar pelo amor compaix\u00e3o de Jesus nesta Quaresma?<\/li><\/ul>\n\n\n\n<ul><li>Como quero viver o amor compaix\u00e3o neste tempo\u2026<\/li><\/ul>\n\n\n\n<p><\/p>\n\n\n\n<p><strong>E nesta caminhada para a P\u00e1scoa, ficamos com Nossa Senhora, a Virgem da compaix\u00e3o\u2026<\/strong><\/p>\n\n\n\n<blockquote class=\"wp-block-quote\"><p><em>M\u00c3E NOSSA, DE CORA\u00c7\u00c3O SIMPLES,<\/em><br><em>VIRGEM DO SENHOR.<\/em><br><em>Virgem pobre, nossa M\u00e3e, cheia de Gra\u00e7a e de amor.<\/em><br><em>O Senhor te modelou, foste barro em Suas m\u00e3os<\/em><br><em>Toda inteira te entregaste ao querer do teu Senhor.<\/em><\/p><p><em>M\u00e3e nossa, de cora\u00e7\u00e3o bom, Virgem da ternura,<\/em><br><em>De olhar atento, sens\u00edvel, pr\u00f3xima de cada um.<\/em><br><em>O Senhor te modelou, foste barro em Suas m\u00e3os.<\/em><br><em>M\u00e3e de Jesus, nossa M\u00e3e, M\u00e3e de toda a humanidade.<\/em><\/p><p><em>M\u00e3e nossa, de cora\u00e7\u00e3o-dom, Virgem da compaix\u00e3o,<\/em><br><em>Junto ao mais d\u00e9bil, mais pobre, cora\u00e7\u00e3o a cora\u00e7\u00e3o.<\/em><br><em>O Senhor te modelou, foste barro em Suas m\u00e3os.<\/em><br><em>Nas Suas m\u00e3os foste Serva, Serva do Reino de Amor.<\/em><br>(Ir. Paulo)<\/p><\/blockquote>\n","protected":false},"excerpt":{"rendered":"<p>#Mar\u00e7o<\/p>\n","protected":false},"author":1,"featured_media":2361,"comment_status":"closed","ping_status":"closed","sticky":false,"template":"","format":"standard","meta":{"_uag_custom_page_level_css":"","ghostkit_customizer_options":"","ghostkit_custom_css":"","ghostkit_custom_js_head":"","ghostkit_custom_js_foot":"","ghostkit_typography":""},"categories":[127,36,4],"tags":[120],"uagb_featured_image_src":{"full":["https:\/\/irmasdoroteias.pt\/wp-content\/uploads\/2021\/02\/Fundo_chamei-vos-amigos.jpg",1024,401,false],"thumbnail":["https:\/\/irmasdoroteias.pt\/wp-content\/uploads\/2021\/02\/Fundo_chamei-vos-amigos.jpg",150,59,false],"medium":["https:\/\/irmasdoroteias.pt\/wp-content\/uploads\/2021\/02\/Fundo_chamei-vos-amigos-300x117.jpg",300,117,true],"medium_large":["https:\/\/irmasdoroteias.pt\/wp-content\/uploads\/2021\/02\/Fundo_chamei-vos-amigos.jpg",768,301,false],"large":["https:\/\/irmasdoroteias.pt\/wp-content\/uploads\/2021\/02\/Fundo_chamei-vos-amigos.jpg",1024,401,false],"1536x1536":["https:\/\/irmasdoroteias.pt\/wp-content\/uploads\/2021\/02\/Fundo_chamei-vos-amigos.jpg",1024,401,false],"2048x2048":["https:\/\/irmasdoroteias.pt\/wp-content\/uploads\/2021\/02\/Fundo_chamei-vos-amigos.jpg",1024,401,false]},"uagb_author_info":{"display_name":"Irm\u00e3s Doroteias","author_link":"https:\/\/irmasdoroteias.pt\/?author=1"},"uagb_comment_info":0,"uagb_excerpt":"#Mar\u00e7o","rttpg_featured_image_url":{"full":["https:\/\/irmasdoroteias.pt\/wp-content\/uploads\/2021\/02\/Fundo_chamei-vos-amigos.jpg",1024,401,false],"landscape":["https:\/\/irmasdoroteias.pt\/wp-content\/uploads\/2021\/02\/Fundo_chamei-vos-amigos.jpg",1024,401,false],"portraits":["https:\/\/irmasdoroteias.pt\/wp-content\/uploads\/2021\/02\/Fundo_chamei-vos-amigos.jpg",1024,401,false],"thumbnail":["https:\/\/irmasdoroteias.pt\/wp-content\/uploads\/2021\/02\/Fundo_chamei-vos-amigos.jpg",150,59,false],"medium":["https:\/\/irmasdoroteias.pt\/wp-content\/uploads\/2021\/02\/Fundo_chamei-vos-amigos-300x117.jpg",300,117,true],"medium_large":["https:\/\/irmasdoroteias.pt\/wp-content\/uploads\/2021\/02\/Fundo_chamei-vos-amigos.jpg",768,301,false],"large":["https:\/\/irmasdoroteias.pt\/wp-content\/uploads\/2021\/02\/Fundo_chamei-vos-amigos.jpg",1024,401,false],"1536x1536":["https:\/\/irmasdoroteias.pt\/wp-content\/uploads\/2021\/02\/Fundo_chamei-vos-amigos.jpg",1024,401,false],"2048x2048":["https:\/\/irmasdoroteias.pt\/wp-content\/uploads\/2021\/02\/Fundo_chamei-vos-amigos.jpg",1024,401,false]},"rttpg_author":{"display_name":"Irm\u00e3s Doroteias","author_link":"https:\/\/irmasdoroteias.pt\/?author=1"},"rttpg_comment":0,"rttpg_category":"<a href=\"https:\/\/irmasdoroteias.pt\/?cat=127\" rel=\"category\">Chamei-vos amigos<\/a> <a href=\"https:\/\/irmasdoroteias.pt\/?cat=36\" rel=\"category\">Espiritualidade<\/a> <a href=\"https:\/\/irmasdoroteias.pt\/?cat=4\" rel=\"category\">Not\u00edcias<\/a>","rttpg_excerpt":"#Mar\u00e7o","post_mailing_queue_ids":[],"_links":{"self":[{"href":"https:\/\/irmasdoroteias.pt\/index.php?rest_route=\/wp\/v2\/posts\/2733"}],"collection":[{"href":"https:\/\/irmasdoroteias.pt\/index.php?rest_route=\/wp\/v2\/posts"}],"about":[{"href":"https:\/\/irmasdoroteias.pt\/index.php?rest_route=\/wp\/v2\/types\/post"}],"author":[{"embeddable":true,"href":"https:\/\/irmasdoroteias.pt\/index.php?rest_route=\/wp\/v2\/users\/1"}],"replies":[{"embeddable":true,"href":"https:\/\/irmasdoroteias.pt\/index.php?rest_route=%2Fwp%2Fv2%2Fcomments&post=2733"}],"version-history":[{"count":0,"href":"https:\/\/irmasdoroteias.pt\/index.php?rest_route=\/wp\/v2\/posts\/2733\/revisions"}],"wp:featuredmedia":[{"embeddable":true,"href":"https:\/\/irmasdoroteias.pt\/index.php?rest_route=\/wp\/v2\/media\/2361"}],"wp:attachment":[{"href":"https:\/\/irmasdoroteias.pt\/index.php?rest_route=%2Fwp%2Fv2%2Fmedia&parent=2733"}],"wp:term":[{"taxonomy":"category","embeddable":true,"href":"https:\/\/irmasdoroteias.pt\/index.php?rest_route=%2Fwp%2Fv2%2Fcategories&post=2733"},{"taxonomy":"post_tag","embeddable":true,"href":"https:\/\/irmasdoroteias.pt\/index.php?rest_route=%2Fwp%2Fv2%2Ftags&post=2733"}],"curies":[{"name":"wp","href":"https:\/\/api.w.org\/{rel}","templated":true}]}}