{"id":2378,"date":"2020-12-17T17:16:00","date_gmt":"2020-12-17T17:16:00","guid":{"rendered":"https:\/\/irmasdoroteias.pt\/?p=2378"},"modified":"2021-02-19T17:45:26","modified_gmt":"2021-02-19T17:45:26","slug":"joao-batista","status":"publish","type":"post","link":"https:\/\/irmasdoroteias.pt\/?p=2378","title":{"rendered":"JO\u00c3O BATISTA"},"content":{"rendered":"\n<h4 class=\"wp-block-heading\">Leitura<\/h4>\n\n\n\n<blockquote class=\"wp-block-quote\"><p><em>Princ\u00edpio do Evangelho de Jesus Cristo, Filho de Deus.&nbsp; Conforme est\u00e1 escrito no profeta Isa\u00edas:<\/em><\/p><p><em><em>Eis que envio \u00e0 tua frente o meu mensageiro,<\/em><\/em><br><em><em>a fim de preparar o teu caminho.<\/em><\/em><br><em><em>Uma voz clama no deserto:<\/em><\/em><br><em><em>Preparai o caminho do Senhor,<\/em><\/em><br><em><em>endireitai as suas veredas.&#8217;<\/em><\/em><\/p><p><em>Jo\u00e3o Baptista apareceu no deserto, a pregar um baptismo de arrependimento para a remiss\u00e3o dos pecados.&nbsp;<sup>5<\/sup>Sa\u00edam ao seu encontro todos os da prov\u00edncia da Judeia e todos os habitantes de Jerusal\u00e9m e eram baptizados por ele no rio Jord\u00e3o, confessando os seus pecados.&nbsp;<sup>6<\/sup>Jo\u00e3o vestia-se de p\u00ealos de camelo e trazia uma correia de couro \u00e0 cintura; alimentava-se de gafanhotos e mel silvestre.<\/em><\/p><p><em>E pregava assim: \u00abDepois de mim vai chegar outro que \u00e9 mais forte do que eu, diante do qual n\u00e3o sou digno de me inclinar para lhe desatar as correias das sand\u00e1lias.&nbsp;<sup>8<\/sup>Eu baptizei-vos em \u00e1gua, mas Ele h\u00e1-de baptizar-vos no Esp\u00edrito Santo.\u00bb<\/em><br>(Mc 1, 1-8)<\/p><\/blockquote>\n\n\n\n<h4 class=\"wp-block-heading\">Gra\u00e7a a pedir<\/h4>\n\n\n\n<p>Pedir a gra\u00e7a de me conhecer como Deus me conhece, consciente de quem sou e de quem n\u00e3o sou.<\/p>\n\n\n\n<h4 class=\"wp-block-heading\">1\u00ba ponto &#8211; <strong>Apresenta\u00e7\u00e3o de Jo\u00e3o Batista<\/strong><\/h4>\n\n\n\n<p>O Evangelho de Jesus, na \u00f3tica de Marcos, come\u00e7a com a apresenta\u00e7\u00e3o de Jo\u00e3o Batista.&nbsp;<\/p>\n\n\n\n<p>Jo\u00e3o identifica-se, plenamente, com o mensageiro que vai \u00e0 frente de Jesus e com a voz que clama no deserto.<\/p>\n\n\n\n<p>Em Jo 1,19, quando questionado sobre a sua identidade, Jo\u00e3o sabe muito bem dizer que \u201cn\u00e3o \u00e9 o Messias\u201d, que \u201cn\u00e3o \u00e9 Elias nem nenhum dos profetas\u201d, sendo apenas \u201ca voz que clama no deserto\u201d.<\/p>\n\n\n\n<p>Vestia um traje de pelos de camelo e um cinto de couro \u00e0 volta da cintura, alimentava-se de gafanhotos e apresentava o primo, Jesus, dizendo: \u201cdepois de mim vir\u00e1 algu\u00e9m mais forte do que eu\u201d.<\/p>\n\n\n\n<p>A sua miss\u00e3o era batizar em \u00e1gua, pregar um batismo de arrependimento dos pecados, e todos os que se colocavam em atitude de arrependimento iam ter com ele para ser batizados.<\/p>\n\n\n\n<p>Tem plena consci\u00eancia da sua identidade, da sua miss\u00e3o, do lugar que \u00e9 chamado a ocupar e vive a partir da sua verdade, com o m\u00e1ximo de coer\u00eancia. Distingue perfeitamente o batismo de \u00e1gua do batismo em Esp\u00edrito. Um limpa a pessoa dos pecados, o outro salva-a, d\u00e1-lhe identidade integridade e inteireza.<\/p>\n\n\n\n<h4 class=\"wp-block-heading\">2\u00ba ponto &#8211; <strong><strong>A consci\u00eancia que Paula tem de si e da miss\u00e3o que Deus lhe confia<\/strong><\/strong><\/h4>\n\n\n\n<blockquote class=\"wp-block-quote\"><p>Paula acredita que o que vai nascendo dentro de si, como desejo de entrega a Deus, vem d\u2019Ele. \u201cAproximando-se enfim o momento de se reunirem em comunidade, algumas das suas companheiras come\u00e7aram a afrouxar e, pouco e pouco, com um pretexto ou com outro, se foram retirando. O Padre Frassinetti, perante a situa\u00e7\u00e3o, declarou \u00e0 irm\u00e3 que j\u00e1 n\u00e3o queria prosseguir, e por isso deixasse livres todas aquelas jovens. Paula entristeceu-se com t\u00e3o inesperada decis\u00e3o, mas nem por isso perdeu a coragem; antes, cheia de f\u00e9 e abandono nos bra\u00e7os da Divina Provid\u00eancia, com express\u00e3o de dolorosa surpresa respondeu ao irm\u00e3o: \u00abMas como?! Depois que nos meteste na dan\u00e7a, abandonas-nos?\u2026 Pois bem, se tu te retiras, eu sinto-me com coragem para avan\u00e7ar sozinha. Deixa-me a mim trabalhar, que com o aux\u00edlio de Deus espero chegar a bom termo\u00bb. \u00abFaz como julgares melhor\u00bb \u2013 respondeu o irm\u00e3o. E Paula, sem perder tempo, chamou a Mariana Danero e encarregou-a de levar \u00e0 Casa Paroquial as companheiras que pareciam mais firmes na voca\u00e7\u00e3o, dizendo-lhes que ela tinha algo importante a comunicar-lhes\u201d. (Mem\u00f3rias, pp 19-20)<\/p><p>Mais tarde dizia por carta a seu irm\u00e3o Jos\u00e9: \u201c Se te lembras, quando come\u00e7\u00e1mos o Instituto n\u00e3o t\u00ednhamos certamente a inten\u00e7\u00e3o de fazer uma coisa grande, mas apenas realizar a sant\u00edssima vontade de Deus; portanto, como quer que v\u00e1, para n\u00f3s vai muito bem, desde que se cumpra a sua ador\u00e1vel vontade.\u201d (carta 79, 1851)<\/p><\/blockquote>\n\n\n\n<div class=\"wp-block-image\"><figure class=\"aligncenter size-large is-resized\"><img decoding=\"async\" loading=\"lazy\" src=\"https:\/\/irmasdoroteias.pt\/wp-content\/uploads\/2020\/06\/Assinatura-Paula.png\" alt=\"\" class=\"wp-image-1264\" width=\"296\" height=\"60\"\/><\/figure><\/div>\n\n\n\n<h4 class=\"wp-block-heading\">3\u00ba ponto \u2013 <strong>Como me situo diante de mim, de Deus, da vida<\/strong><\/h4>\n\n\n\n<p>Procuro ver a vida que me habita e tomar consci\u00eancia de que sou habitado por Deus. Ele chamou-me \u00e0 vida, chamou-me pelo nome. Conta comigo: para ser imagem do Seu amor, para viver comigo uma rela\u00e7\u00e3o de intimidade e confian\u00e7a, para entregar a minha vida como Dom e como Miss\u00e3o.<\/p>\n\n\n\n<p>Procuro sentir o Seu olhar sobre mim e reconhecer a Hist\u00f3ria de Salva\u00e7\u00e3o que foi fazendo comigo ao longo dos meus anos.<\/p>\n\n\n\n<ul><li>Tenho consci\u00eancia da minha identidade de crist\u00e3\/o e vivo, no quotidiano, de acordo com ela?<\/li><li>Que desejos de entrega me habitam e que desafios emergem em mim com o testemunho de Paula?<\/li><li>A minha f\u00e9 ilumina os meus momentos de dificuldade e \u00e9 um trampolim para os ultrapassar, a exemplo de Paula?<\/li><li>Fazer a vontade de Deus, que mobilizou Paula, tamb\u00e9m tem impacto em mim, na maneira como vivo a minha vida de crist\u00e3\/o?<\/li><\/ul>\n\n\n\n<p><strong>Aben\u00e7oe-nos o Pai com a Sua Omnipot\u00eancia,<\/strong><br><strong>Aben\u00e7oe-nos o Filho com a sua Sabedoria,<\/strong><br><strong>Aben\u00e7oe-nos o Esp\u00edrito Santo com a Caridade.<\/strong><\/p>\n","protected":false},"excerpt":{"rendered":"<p>#Dezembro<\/p>\n","protected":false},"author":1,"featured_media":2361,"comment_status":"closed","ping_status":"closed","sticky":false,"template":"","format":"standard","meta":{"_uag_custom_page_level_css":"","ghostkit_customizer_options":"","ghostkit_custom_css":"","ghostkit_custom_js_head":"","ghostkit_custom_js_foot":"","ghostkit_typography":""},"categories":[127,36,4],"tags":[120,54],"uagb_featured_image_src":{"full":["https:\/\/irmasdoroteias.pt\/wp-content\/uploads\/2021\/02\/Fundo_chamei-vos-amigos.jpg",1024,401,false],"thumbnail":["https:\/\/irmasdoroteias.pt\/wp-content\/uploads\/2021\/02\/Fundo_chamei-vos-amigos.jpg",150,59,false],"medium":["https:\/\/irmasdoroteias.pt\/wp-content\/uploads\/2021\/02\/Fundo_chamei-vos-amigos-300x117.jpg",300,117,true],"medium_large":["https:\/\/irmasdoroteias.pt\/wp-content\/uploads\/2021\/02\/Fundo_chamei-vos-amigos.jpg",768,301,false],"large":["https:\/\/irmasdoroteias.pt\/wp-content\/uploads\/2021\/02\/Fundo_chamei-vos-amigos.jpg",1024,401,false],"1536x1536":["https:\/\/irmasdoroteias.pt\/wp-content\/uploads\/2021\/02\/Fundo_chamei-vos-amigos.jpg",1024,401,false],"2048x2048":["https:\/\/irmasdoroteias.pt\/wp-content\/uploads\/2021\/02\/Fundo_chamei-vos-amigos.jpg",1024,401,false]},"uagb_author_info":{"display_name":"Irm\u00e3s Doroteias","author_link":"https:\/\/irmasdoroteias.pt\/?author=1"},"uagb_comment_info":0,"uagb_excerpt":"#Dezembro","rttpg_featured_image_url":{"full":["https:\/\/irmasdoroteias.pt\/wp-content\/uploads\/2021\/02\/Fundo_chamei-vos-amigos.jpg",1024,401,false],"landscape":["https:\/\/irmasdoroteias.pt\/wp-content\/uploads\/2021\/02\/Fundo_chamei-vos-amigos.jpg",1024,401,false],"portraits":["https:\/\/irmasdoroteias.pt\/wp-content\/uploads\/2021\/02\/Fundo_chamei-vos-amigos.jpg",1024,401,false],"thumbnail":["https:\/\/irmasdoroteias.pt\/wp-content\/uploads\/2021\/02\/Fundo_chamei-vos-amigos.jpg",150,59,false],"medium":["https:\/\/irmasdoroteias.pt\/wp-content\/uploads\/2021\/02\/Fundo_chamei-vos-amigos-300x117.jpg",300,117,true],"medium_large":["https:\/\/irmasdoroteias.pt\/wp-content\/uploads\/2021\/02\/Fundo_chamei-vos-amigos.jpg",768,301,false],"large":["https:\/\/irmasdoroteias.pt\/wp-content\/uploads\/2021\/02\/Fundo_chamei-vos-amigos.jpg",1024,401,false],"1536x1536":["https:\/\/irmasdoroteias.pt\/wp-content\/uploads\/2021\/02\/Fundo_chamei-vos-amigos.jpg",1024,401,false],"2048x2048":["https:\/\/irmasdoroteias.pt\/wp-content\/uploads\/2021\/02\/Fundo_chamei-vos-amigos.jpg",1024,401,false]},"rttpg_author":{"display_name":"Irm\u00e3s Doroteias","author_link":"https:\/\/irmasdoroteias.pt\/?author=1"},"rttpg_comment":0,"rttpg_category":"<a href=\"https:\/\/irmasdoroteias.pt\/?cat=127\" rel=\"category\">Chamei-vos amigos<\/a> <a href=\"https:\/\/irmasdoroteias.pt\/?cat=36\" rel=\"category\">Espiritualidade<\/a> <a href=\"https:\/\/irmasdoroteias.pt\/?cat=4\" rel=\"category\">Not\u00edcias<\/a>","rttpg_excerpt":"#Dezembro","post_mailing_queue_ids":[],"_links":{"self":[{"href":"https:\/\/irmasdoroteias.pt\/index.php?rest_route=\/wp\/v2\/posts\/2378"}],"collection":[{"href":"https:\/\/irmasdoroteias.pt\/index.php?rest_route=\/wp\/v2\/posts"}],"about":[{"href":"https:\/\/irmasdoroteias.pt\/index.php?rest_route=\/wp\/v2\/types\/post"}],"author":[{"embeddable":true,"href":"https:\/\/irmasdoroteias.pt\/index.php?rest_route=\/wp\/v2\/users\/1"}],"replies":[{"embeddable":true,"href":"https:\/\/irmasdoroteias.pt\/index.php?rest_route=%2Fwp%2Fv2%2Fcomments&post=2378"}],"version-history":[{"count":0,"href":"https:\/\/irmasdoroteias.pt\/index.php?rest_route=\/wp\/v2\/posts\/2378\/revisions"}],"wp:featuredmedia":[{"embeddable":true,"href":"https:\/\/irmasdoroteias.pt\/index.php?rest_route=\/wp\/v2\/media\/2361"}],"wp:attachment":[{"href":"https:\/\/irmasdoroteias.pt\/index.php?rest_route=%2Fwp%2Fv2%2Fmedia&parent=2378"}],"wp:term":[{"taxonomy":"category","embeddable":true,"href":"https:\/\/irmasdoroteias.pt\/index.php?rest_route=%2Fwp%2Fv2%2Fcategories&post=2378"},{"taxonomy":"post_tag","embeddable":true,"href":"https:\/\/irmasdoroteias.pt\/index.php?rest_route=%2Fwp%2Fv2%2Ftags&post=2378"}],"curies":[{"name":"wp","href":"https:\/\/api.w.org\/{rel}","templated":true}]}}