{"id":2327,"date":"2021-02-19T10:55:36","date_gmt":"2021-02-19T10:55:36","guid":{"rendered":"https:\/\/irmasdoroteias.pt\/?p=2327"},"modified":"2021-03-08T09:17:36","modified_gmt":"2021-03-08T09:17:36","slug":"2327","status":"publish","type":"post","link":"https:\/\/irmasdoroteias.pt\/?p=2327","title":{"rendered":"O DIA DE JESUS"},"content":{"rendered":"\n<h1 class=\"wp-block-heading\">Leitura<\/h1>\n\n\n\n<blockquote class=\"wp-block-quote\"><p><em>Entraram em Cafarna\u00fam. Chegado o s\u00e1bado, veio \u00e0 sinagoga e come\u00e7ou a ensinar.&nbsp;E maravilhavam-se com o seu ensinamento, pois os ensinava como quem tem autoridade e n\u00e3o como os doutores da Lei.&nbsp;Na sinagoga deles encontrava-se um homem com um esp\u00edrito maligno, que come\u00e7ou a gritar:&nbsp;\u00abQue tens a ver connosco, Jesus de Nazar\u00e9? Vieste para nos arruinar? Sei quem Tu \u00e9s: o Santo de Deus.\u00bb&nbsp;Jesus repreendeu-o, dizendo: \u00abCala-te e sai desse homem.\u00bb&nbsp;Ent\u00e3o, o esp\u00edrito maligno, depois de o sacudir com for\u00e7a, saiu dele dando um grande grito.&nbsp;T\u00e3o assombrados ficaram que perguntavam uns aos outros: \u00abQue \u00e9 isto? Eis um novo ensinamento, e feito com tal autoridade que at\u00e9 manda aos esp\u00edritos malignos e eles obedecem-lhe!\u00bb&nbsp;E a sua fama logo se espalhou por toda a parte, em toda a regi\u00e3o da Galileia.<br><br>Saindo da sinagoga, foram para casa de Sim\u00e3o e Andr\u00e9, com Tiago e Jo\u00e3o.&nbsp;A sogra de Sim\u00e3o estava de cama com febre, e logo lhe falaram dela.&nbsp;Aproximando-se, tomou-a pela m\u00e3o e levantou-a. A febre deixou-a e ela come\u00e7ou a servi-los.&nbsp;\u00c0 noitinha, depois do sol-p\u00f4r, trouxeram-lhe todos os enfermos e possessos,&nbsp;e a cidade inteira estava reunida junto \u00e0 porta.&nbsp;Curou muitos enfermos atormentados por toda a esp\u00e9cie de males e expulsou muitos dem\u00f3nios; mas n\u00e3o deixava falar os dem\u00f3nios, porque sabiam quem Ele era.<\/em> <br>(Mc 1, 21-34)<\/p><\/blockquote>\n\n\n\n<h4 class=\"wp-block-heading\">Gra\u00e7a a pedir<\/h4>\n\n\n\n<p>Pedir a gra\u00e7a de conhecer Jesus intimamente para mais O amar e seguir<\/p>\n\n\n\n<h4 class=\"wp-block-heading\">1\u00ba ponto \u2013 O jeito de Jesus<\/h4>\n\n\n\n<p>Imaginemos Jesus que vai ao encontro das pessoas, onde elas est\u00e3o \u2013 e eu tamb\u00e9m estou l\u00e1\u2026. Vejo-O a entrar na Sinagoga, dou conta da autoridade com que fala\u2026. Ver o que sinto.<\/p>\n\n\n\n<p>Ele v\u00ea um homem prisioneiro de si pr\u00f3prio, escravo das suas divis\u00f5es interiores, dos seus medos. Procuro perceber o modo como Jesus o olha, como as outras pessoas presentes na sinagoga observam a cena e o pr\u00f3prio homem.&nbsp; Que sinto diante de todo este conjunto de pessoas e das suas atitudes&#8230; Com quem me identifico? Observo o homem que fica livre, como \u00e9 a express\u00e3o da sua cara e a rea\u00e7\u00e3o dos outros. Ou\u00e7o o que dizem, como dizem, que fazem, que faz Jesus.<\/p>\n\n\n\n<p>Dali, Jesus dirige-se a casa de Sim\u00e3o e Andr\u00e9. Vejo como acolhe o pedido que lhe \u00e9 feito para ir ter com a sogra de Sim\u00e3o, como se aproxima dela, a toma pela m\u00e3o e a levanta. Sinto-me l\u00e1. Como \u00e9 que isto me toca? Ou\u00e7o o que dizem, observo o que fazem. Ela sente-se com uma vida nova e come\u00e7a a servir.<\/p>\n\n\n\n<p>\u00c0 noitinha, Jesus senta-se \u00e0 entrada da casa, como se n\u00e3o tivesse mais nada a fazer, e cura todos os que v\u00eam ao Seu encontro.<\/p>\n\n\n\n<p>Dou-me conta como ningu\u00e9m sai da presen\u00e7a de Jesus da mesma forma que chegou, todos s\u00e3o curados dos seus limites. Ou\u00e7o os coment\u00e1rios, observo o que fazem.<\/p>\n\n\n\n<p>Detenho-me a olhar este Jesus que v\u00ea sempre para al\u00e9m de Si mesmo, e cura em todos os contextos. \u00c9 para mim que Jesus, agora, se volta. De quem lhe quero falar, que lhe quero dizer? Entrego-Lhe o que torna o meu cora\u00e7\u00e3o pesado, as l\u00e1grimas de tantos, a impot\u00eancia. Sinto-O a escutar-me, a acolher-me, a dar-me paz.<\/p>\n\n\n\n<p>Sentir a minha vida como lugar de Deus, como lugar onde o encontro de Salva\u00e7\u00e3o acontece.<\/p>\n\n\n\n<h4 class=\"wp-block-heading\">2\u00ba ponto \u2013 Paula descentrada de si<\/h4>\n\n\n\n<p>Numa carta \u00e0 Ir. Josefina Bozzano (C.467) Paula mostra-nos a abund\u00e2ncia do seu cora\u00e7\u00e3o e as pessoas que entram no seu dia-a-dia.:<\/p>\n\n\n\n<blockquote class=\"wp-block-quote\"><p>\u201c(\u2026) Hoje disponho de um pouquito de tempo, e emprego-o j\u00e1 consigo. De sa\u00fade, gra\u00e7as a Deus estou bem, ali\u00e1s, \u00f3tima. A academia realizou-se e decorreu bem, mas a Irm\u00e3 Elisa Vassalo<em> <\/em>cansou-se demasiado e afligiu-se excessivamente, pelo que foi visitada pelas suas habituais convuls\u00f5es\u2026<br>Tamb\u00e9m n\u00f3s nos preparamos para os Santos Exerc\u00edcios; contudo, ainda n\u00e3o conseguimos pregador, e n\u00e3o sabemos nem quem ser\u00e1 nem quando ser\u00e1. Reze e pe\u00e7a que rezem para que encontremos um bom porta-voz e para que o Senhor se digne dar-nos ouvido apurado, intelig\u00eancia clara e vontade d\u00f3cil, a fim de que possamos secundar inteiramente a divina vontade.<br>Alegra-me que a Irm\u00e3 Nobili<a href=\"#_ftn1\">[1]<\/a> esteja bem, que estude e que esteja alegre; diga-lhe que recebi a sua carta e lha agrade\u00e7o; que n\u00e3o lhe respondo porque n\u00e3o tenho tempo. Consola-me muito saber que essas alunas s\u00e3o t\u00e3o boas e t\u00e3o afei\u00e7oadas \u00e0 ora\u00e7\u00e3o; que continuem a rezar, pois h\u00e1 tanta necessidade !!!<br>A D. Lu\u00edsa<a href=\"#_ftn2\">[2]<\/a> j\u00e1 entregou o invent\u00e1rio e tudo, e est\u00e1 \u00e0 espera da senten\u00e7a, isto \u00e9, das novas disposi\u00e7\u00f5es. Eu estou bastante tranquila, e na fam\u00edlia n\u00e3o h\u00e1 nada de novo. O Papa<a href=\"#_ftn3\">[3]<\/a> est\u00e1 bem e cumprimenta a todas. Pelo P. Sacco receber\u00e1 a licen\u00e7a para a [Missa da] noite de Natal.<br>A Sommariva queixa-se, (\u2026) se ela n\u00e3o escreve, tem todos os motivos do mundo para o n\u00e3o fazer, porque n\u00e3o tem tempo\u2026 Portanto, desculpe-a se n\u00e3o escreve, e escreva-lhe.<br>Faz-se noite, j\u00e1 n\u00e3o vejo. Amanh\u00e3 de manh\u00e3, querendo Deus, pedirei ao Sr. Arcebispo a santa b\u00ean\u00e7\u00e3o para si e para as suas. Apresente os meus cumprimentos ao P. Montebruno, \u00e0s suas velhinhas<a href=\"#_ftn4\">[4]<\/a>, irm\u00e3 e sobrinha; e a todas as da sua fam\u00edlia<a href=\"#_ftn5\">[5]<\/a>d\u00ea muitas lembran\u00e7as minhas, em particular \u00e0 Carletti, Albino, Trabucco, Salvago, Nobili, Passadore, Borgatta\u2026 E receba um abra\u00e7o\u2026<\/p><\/blockquote>\n\n\n\n<div class=\"wp-block-image\"><figure class=\"aligncenter size-large is-resized\"><img decoding=\"async\" loading=\"lazy\" src=\"https:\/\/irmasdoroteias.pt\/wp-content\/uploads\/2020\/06\/Assinatura-Paula.png\" alt=\"\" class=\"wp-image-1264\" width=\"296\" height=\"60\"\/><\/figure><\/div>\n\n\n\n<h4 class=\"wp-block-heading\">3\u00ba ponto \u2013 Que me move? Para onde caminho?<\/h4>\n\n\n\n<p>Tomo consci\u00eancia do ritmo do meu dia que agora \u00e9 quase parado. Levanto-me, com a sensa\u00e7\u00e3o de ter o mundo \u00e0s costas. Sinto-me cansada\/o de estar sentada\/o diante de um computador ou da televis\u00e3o. Que me faz sair da cama, que coisas me v\u00eam \u00e0 cabe\u00e7a?<\/p>\n\n\n\n<p>Parece que, agora, tenho todo o tempo do mundo e n\u00e3o sei o que hei de fazer com ele ou ent\u00e3o um teletrabalho que me suga a energia.<\/p>\n\n\n\n<p>Tomo o pequeno-almo\u00e7o, com imagens na cabe\u00e7a. Hospitais cheios de gente, filas de ambul\u00e2ncias\u2026<\/p>\n\n\n\n<p>N\u00e3o h\u00e1 autocarro para apanhar. H\u00e1 um ecr\u00e3 \u00e0 minha espera. Ligo o computador ou vejo not\u00edcias na televis\u00e3o.<\/p>\n\n\n\n<p>Os dias passam e dentro de mim est\u00e1 o desejo de ouvir a boa not\u00edcia dos doentes a diminuir e a doen\u00e7a a retroceder.<\/p>\n\n\n\n<p>Que tempo dou ao gratuito no meu dia? Que lugar tem Deus e os outros no meu cora\u00e7\u00e3o e no meu tempo? Que me impede de parar diante dele e entregar-lhe o que vivo e vivem os homens e mulheres do nosso tempo? Vou-me aproximando de Deus ou do medo de viver?<\/p>\n\n\n\n<p>Que falta ao meu dia a dia para se tornar mais parecido com o de Jesus e Paula?<\/p>\n\n\n\n<p>Como quero viver o dia a dia at\u00e9 ao nosso pr\u00f3ximo encontro? <\/p>\n\n\n\n<h4 class=\"wp-block-heading\">Desafio para a vida&#8230;<\/h4>\n\n\n\n<ul><li>Ao longo do m\u00eas, lembrar o prop\u00f3sito feito no fim do encontro.<\/li><\/ul>\n\n\n\n<p><strong>Terminamos o nosso encontro pedindo a Santa Paula que interceda por n\u00f3s, junto de Deus, nesta hora dolorosa da nossa hist\u00f3ria.<\/strong><\/p>\n\n\n\n<p>Santa Paula Frassinetti que na simplicidade da entrega do dia a dia soubeste ser grande na F\u00e9; que nos problemas, dificuldades e canseiras soubeste ser firme e serena; que no rasgar caminhos para cumprir a Miss\u00e3o, soubeste ser corajosa e audaz. Ensina-nos a encontrar e a seguir a Vontade de Deus com entusiasmo e confian\u00e7a, fidelidade e Amor. \u00c1men!<\/p>\n\n\n\n<p><strong>Aben\u00e7oe-nos o Pai com a Sua Omnipot\u00eancia,<\/strong><br><strong>Aben\u00e7oe-nos o Filho com a sua Sabedoria,<\/strong><br><strong>Aben\u00e7oe-nos o Esp\u00edrito Santo com a Caridade.<\/strong><\/p>\n\n\n\n<hr class=\"wp-block-separator\"\/>\n\n\n\n<p><a href=\"#_ftnref1\">[1]<\/a> Irm\u00e3 Inoc\u00eancia Nobili. <a href=\"#_ftnref2\">[2]<\/a> Irm\u00e3 Lu\u00edsa Gianelli, Superiora do <em>Conservatorio <\/em>de Ripetta. <a href=\"#_ftnref3\">[3]<\/a> O Santo Padre Pio IX. <a href=\"#_ftnref4\">[4]<\/a> M\u00e3e e tia. <a href=\"#_ftnref5\">[5]<\/a> A comunidade religiosa.<\/p>\n","protected":false},"excerpt":{"rendered":"<p>#Fevereiro<\/p>\n","protected":false},"author":1,"featured_media":2361,"comment_status":"closed","ping_status":"closed","sticky":false,"template":"","format":"standard","meta":{"_uag_custom_page_level_css":"","ghostkit_customizer_options":"","ghostkit_custom_css":"","ghostkit_custom_js_head":"","ghostkit_custom_js_foot":"","ghostkit_typography":""},"categories":[127,36,4],"tags":[],"uagb_featured_image_src":{"full":["https:\/\/irmasdoroteias.pt\/wp-content\/uploads\/2021\/02\/Fundo_chamei-vos-amigos.jpg",1024,401,false],"thumbnail":["https:\/\/irmasdoroteias.pt\/wp-content\/uploads\/2021\/02\/Fundo_chamei-vos-amigos.jpg",150,59,false],"medium":["https:\/\/irmasdoroteias.pt\/wp-content\/uploads\/2021\/02\/Fundo_chamei-vos-amigos-300x117.jpg",300,117,true],"medium_large":["https:\/\/irmasdoroteias.pt\/wp-content\/uploads\/2021\/02\/Fundo_chamei-vos-amigos.jpg",768,301,false],"large":["https:\/\/irmasdoroteias.pt\/wp-content\/uploads\/2021\/02\/Fundo_chamei-vos-amigos.jpg",1024,401,false],"1536x1536":["https:\/\/irmasdoroteias.pt\/wp-content\/uploads\/2021\/02\/Fundo_chamei-vos-amigos.jpg",1024,401,false],"2048x2048":["https:\/\/irmasdoroteias.pt\/wp-content\/uploads\/2021\/02\/Fundo_chamei-vos-amigos.jpg",1024,401,false]},"uagb_author_info":{"display_name":"Irm\u00e3s Doroteias","author_link":"https:\/\/irmasdoroteias.pt\/?author=1"},"uagb_comment_info":0,"uagb_excerpt":"#Fevereiro","rttpg_featured_image_url":{"full":["https:\/\/irmasdoroteias.pt\/wp-content\/uploads\/2021\/02\/Fundo_chamei-vos-amigos.jpg",1024,401,false],"landscape":["https:\/\/irmasdoroteias.pt\/wp-content\/uploads\/2021\/02\/Fundo_chamei-vos-amigos.jpg",1024,401,false],"portraits":["https:\/\/irmasdoroteias.pt\/wp-content\/uploads\/2021\/02\/Fundo_chamei-vos-amigos.jpg",1024,401,false],"thumbnail":["https:\/\/irmasdoroteias.pt\/wp-content\/uploads\/2021\/02\/Fundo_chamei-vos-amigos.jpg",150,59,false],"medium":["https:\/\/irmasdoroteias.pt\/wp-content\/uploads\/2021\/02\/Fundo_chamei-vos-amigos-300x117.jpg",300,117,true],"medium_large":["https:\/\/irmasdoroteias.pt\/wp-content\/uploads\/2021\/02\/Fundo_chamei-vos-amigos.jpg",768,301,false],"large":["https:\/\/irmasdoroteias.pt\/wp-content\/uploads\/2021\/02\/Fundo_chamei-vos-amigos.jpg",1024,401,false],"1536x1536":["https:\/\/irmasdoroteias.pt\/wp-content\/uploads\/2021\/02\/Fundo_chamei-vos-amigos.jpg",1024,401,false],"2048x2048":["https:\/\/irmasdoroteias.pt\/wp-content\/uploads\/2021\/02\/Fundo_chamei-vos-amigos.jpg",1024,401,false]},"rttpg_author":{"display_name":"Irm\u00e3s Doroteias","author_link":"https:\/\/irmasdoroteias.pt\/?author=1"},"rttpg_comment":0,"rttpg_category":"<a href=\"https:\/\/irmasdoroteias.pt\/?cat=127\" rel=\"category\">Chamei-vos amigos<\/a> <a href=\"https:\/\/irmasdoroteias.pt\/?cat=36\" rel=\"category\">Espiritualidade<\/a> <a href=\"https:\/\/irmasdoroteias.pt\/?cat=4\" rel=\"category\">Not\u00edcias<\/a>","rttpg_excerpt":"#Fevereiro","post_mailing_queue_ids":[],"_links":{"self":[{"href":"https:\/\/irmasdoroteias.pt\/index.php?rest_route=\/wp\/v2\/posts\/2327"}],"collection":[{"href":"https:\/\/irmasdoroteias.pt\/index.php?rest_route=\/wp\/v2\/posts"}],"about":[{"href":"https:\/\/irmasdoroteias.pt\/index.php?rest_route=\/wp\/v2\/types\/post"}],"author":[{"embeddable":true,"href":"https:\/\/irmasdoroteias.pt\/index.php?rest_route=\/wp\/v2\/users\/1"}],"replies":[{"embeddable":true,"href":"https:\/\/irmasdoroteias.pt\/index.php?rest_route=%2Fwp%2Fv2%2Fcomments&post=2327"}],"version-history":[{"count":0,"href":"https:\/\/irmasdoroteias.pt\/index.php?rest_route=\/wp\/v2\/posts\/2327\/revisions"}],"wp:featuredmedia":[{"embeddable":true,"href":"https:\/\/irmasdoroteias.pt\/index.php?rest_route=\/wp\/v2\/media\/2361"}],"wp:attachment":[{"href":"https:\/\/irmasdoroteias.pt\/index.php?rest_route=%2Fwp%2Fv2%2Fmedia&parent=2327"}],"wp:term":[{"taxonomy":"category","embeddable":true,"href":"https:\/\/irmasdoroteias.pt\/index.php?rest_route=%2Fwp%2Fv2%2Fcategories&post=2327"},{"taxonomy":"post_tag","embeddable":true,"href":"https:\/\/irmasdoroteias.pt\/index.php?rest_route=%2Fwp%2Fv2%2Ftags&post=2327"}],"curies":[{"name":"wp","href":"https:\/\/api.w.org\/{rel}","templated":true}]}}