{"id":1325,"date":"2019-10-16T14:59:00","date_gmt":"2019-10-16T14:59:00","guid":{"rendered":"http:\/\/irmasdoroteias.pt\/?p=1325"},"modified":"2020-06-29T15:04:51","modified_gmt":"2020-06-29T15:04:51","slug":"chamei-vos-amigos-exercicios-espirituais","status":"publish","type":"post","link":"https:\/\/irmasdoroteias.pt\/?p=1325","title":{"rendered":"\u201cCHAMEI-VOS AMIGOS\u2026\u201d: EXERC\u00cdCIOS ESPIRITUAIS"},"content":{"rendered":"\n<h2 class=\"wp-block-heading\">Para entrar pela PORTA da Amizade\/INTIMIDADE<\/h2>\n\n\n\n<p>Fazemos-te uma proposta de Exerc\u00edcios Espirituais, de 3 dias, de aprofundamento desta Espiritualidade.<\/p>\n\n\n\n<p>\u00c9 por dentro de n\u00f3s que n\u00f3s somos e s\u00f3 descendo \u00e0 profundidade nos podemos encontrar.<\/p>\n\n\n\n<p>Jesus chama-nos amigos e deseja que vivamos com Ele uma rela\u00e7\u00e3o de perman\u00eancia, \u201cpara que tenhais em v\u00f3s a Minha alegria\u201d.<\/p>\n\n\n\n<p>Santa Paula fez desta rela\u00e7\u00e3o o segredo da sua vida. E dizia: \u201cn\u00e3o h\u00e1 circunst\u00e2ncia alguma da nossa vida em que n\u00e3o vejamos Jesus ir \u00e0 frente, n\u00e3o s\u00f3 ensinando-nos o caminho como tamb\u00e9m o modo de o percorrer\u201d.<\/p>\n\n\n\n<p>Vamos viver por dentro um Carisma, um sentido de perten\u00e7a, conhecer o ADN que unia Paula a Jesus e que me vai fazendo viver esp\u00edrito de Fam\u00edlia.<\/p>\n\n\n\n<p>Temos duas possibilidades:<\/p>\n\n\n\n<p><strong>\u201cChamei-vos Amigos\u2026 Permanecei em mim\u201d: Experi\u00eancia I<\/strong><\/p>\n\n\n\n<ul><li><strong>Para quem?<\/strong><ul><li>Os que realizam pela primeira vez estes Exerc\u00edcios Espirituais<\/li><\/ul><\/li><li><strong>Quando e onde?:<\/strong><ul><li><strong>2<\/strong><strong>1 (19h) a 23 (almo\u00e7o) de Novembro 2019<\/strong>&nbsp;\u2013&nbsp;Casa de Espiritualidade Paula Frassinetti \u2013 Sard\u00e3o<\/li><li><strong>9 (19h) a 11 (almo\u00e7o) de Janeiro 2020<\/strong>&nbsp;\u2013&nbsp;Casa de Espiritualidade do Linh\u00f3<\/li><\/ul><\/li><\/ul>\n\n\n\n<p><strong>\u201cChamei-vos Amigos\u2026 porque tudo que ouvi de meu Pai vo-lo dei a conhecer\u201d: Experi\u00eancia II<\/strong><\/p>\n\n\n\n<ul><li><strong>Para quem?<\/strong><ul><li>Os que j\u00e1 realizaram a Experi\u00eancia I<\/li><\/ul><\/li><li><strong>Quando e onde?:<\/strong><ul><li><strong>14 (19h) a 16 (almo\u00e7o) de Novembro 2019<\/strong>&nbsp;\u2013&nbsp;&nbsp;Casa de Espiritualidade do Linh\u00f3<\/li><li><strong>9 (19h) a 11 (almo\u00e7o) de Janeiro 2020<\/strong>&nbsp;\u2013&nbsp;Casa de Espiritualidade Paula Frassinetti \u2013 Sard\u00e3o<\/li><\/ul><\/li><\/ul>\n\n\n\n<p><strong>Inscri\u00e7\u00e3o:<\/strong><\/p>\n\n\n\n<ul><li>Enviando um mail com: nome completo, contactos para&nbsp;<strong>mpurificacao@sapo.pt<\/strong>&nbsp;(Linh\u00f3)&nbsp;<strong>goretifaneca@gmail.com&nbsp;<\/strong>(Sard\u00e3o)<\/li><li>Inscri\u00e7\u00f5es at\u00e9:&nbsp;<strong>25 de Outubro 2019<\/strong><\/li><li>Valor: inscri\u00e7\u00e3o\/alojamento:&nbsp;<strong>75\u20ac<\/strong><\/li><\/ul>\n","protected":false},"excerpt":{"rendered":"<p>Para entrar pela PORTA da Amizade\/INTIMIDADE Fazemos-te uma proposta de Exerc\u00edcios Espirituais, de 3 dias, de aprofundamento desta Espiritualidade. \u00c9 por dentro de n\u00f3s que n\u00f3s somos e s\u00f3 descendo \u00e0 profundidade nos podemos encontrar. Jesus chama-nos amigos e deseja que vivamos com Ele uma rela\u00e7\u00e3o de perman\u00eancia, \u201cpara que tenhais em v\u00f3s a Minha [&hellip;]<\/p>\n","protected":false},"author":1,"featured_media":1328,"comment_status":"closed","ping_status":"closed","sticky":false,"template":"","format":"standard","meta":{"_uag_custom_page_level_css":"","ghostkit_customizer_options":"","ghostkit_custom_css":"","ghostkit_custom_js_head":"","ghostkit_custom_js_foot":"","ghostkit_typography":""},"categories":[36],"tags":[62,61,40],"uagb_featured_image_src":{"full":["https:\/\/irmasdoroteias.pt\/wp-content\/uploads\/2020\/06\/Chamei-vos-amigos_vocacional.jpg",1024,401,false],"thumbnail":["https:\/\/irmasdoroteias.pt\/wp-content\/uploads\/2020\/06\/Chamei-vos-amigos_vocacional.jpg",150,59,false],"medium":["https:\/\/irmasdoroteias.pt\/wp-content\/uploads\/2020\/06\/Chamei-vos-amigos_vocacional-300x117.jpg",300,117,true],"medium_large":["https:\/\/irmasdoroteias.pt\/wp-content\/uploads\/2020\/06\/Chamei-vos-amigos_vocacional.jpg",768,301,false],"large":["https:\/\/irmasdoroteias.pt\/wp-content\/uploads\/2020\/06\/Chamei-vos-amigos_vocacional.jpg",1024,401,false],"1536x1536":["https:\/\/irmasdoroteias.pt\/wp-content\/uploads\/2020\/06\/Chamei-vos-amigos_vocacional.jpg",1024,401,false],"2048x2048":["https:\/\/irmasdoroteias.pt\/wp-content\/uploads\/2020\/06\/Chamei-vos-amigos_vocacional.jpg",1024,401,false]},"uagb_author_info":{"display_name":"Irm\u00e3s Doroteias","author_link":"https:\/\/irmasdoroteias.pt\/?author=1"},"uagb_comment_info":0,"uagb_excerpt":"Para entrar pela PORTA da Amizade\/INTIMIDADE Fazemos-te uma proposta de Exerc\u00edcios Espirituais, de 3 dias, de aprofundamento desta Espiritualidade. \u00c9 por dentro de n\u00f3s que n\u00f3s somos e s\u00f3 descendo \u00e0 profundidade nos podemos encontrar. Jesus chama-nos amigos e deseja que vivamos com Ele uma rela\u00e7\u00e3o de perman\u00eancia, \u201cpara que tenhais em v\u00f3s a Minha&hellip;","rttpg_featured_image_url":{"full":["https:\/\/irmasdoroteias.pt\/wp-content\/uploads\/2020\/06\/Chamei-vos-amigos_vocacional.jpg",1024,401,false],"landscape":["https:\/\/irmasdoroteias.pt\/wp-content\/uploads\/2020\/06\/Chamei-vos-amigos_vocacional.jpg",1024,401,false],"portraits":["https:\/\/irmasdoroteias.pt\/wp-content\/uploads\/2020\/06\/Chamei-vos-amigos_vocacional.jpg",1024,401,false],"thumbnail":["https:\/\/irmasdoroteias.pt\/wp-content\/uploads\/2020\/06\/Chamei-vos-amigos_vocacional.jpg",150,59,false],"medium":["https:\/\/irmasdoroteias.pt\/wp-content\/uploads\/2020\/06\/Chamei-vos-amigos_vocacional-300x117.jpg",300,117,true],"medium_large":["https:\/\/irmasdoroteias.pt\/wp-content\/uploads\/2020\/06\/Chamei-vos-amigos_vocacional.jpg",768,301,false],"large":["https:\/\/irmasdoroteias.pt\/wp-content\/uploads\/2020\/06\/Chamei-vos-amigos_vocacional.jpg",1024,401,false],"1536x1536":["https:\/\/irmasdoroteias.pt\/wp-content\/uploads\/2020\/06\/Chamei-vos-amigos_vocacional.jpg",1024,401,false],"2048x2048":["https:\/\/irmasdoroteias.pt\/wp-content\/uploads\/2020\/06\/Chamei-vos-amigos_vocacional.jpg",1024,401,false]},"rttpg_author":{"display_name":"Irm\u00e3s Doroteias","author_link":"https:\/\/irmasdoroteias.pt\/?author=1"},"rttpg_comment":0,"rttpg_category":"<a href=\"https:\/\/irmasdoroteias.pt\/?cat=36\" rel=\"category\">Espiritualidade<\/a>","rttpg_excerpt":"Para entrar pela PORTA da Amizade\/INTIMIDADE Fazemos-te uma proposta de Exerc\u00edcios Espirituais, de 3 dias, de aprofundamento desta Espiritualidade. \u00c9 por dentro de n\u00f3s que n\u00f3s somos e s\u00f3 descendo \u00e0 profundidade nos podemos encontrar. Jesus chama-nos amigos e deseja que vivamos com Ele uma rela\u00e7\u00e3o de perman\u00eancia, \u201cpara que tenhais em v\u00f3s a Minha&hellip;","post_mailing_queue_ids":[],"_links":{"self":[{"href":"https:\/\/irmasdoroteias.pt\/index.php?rest_route=\/wp\/v2\/posts\/1325"}],"collection":[{"href":"https:\/\/irmasdoroteias.pt\/index.php?rest_route=\/wp\/v2\/posts"}],"about":[{"href":"https:\/\/irmasdoroteias.pt\/index.php?rest_route=\/wp\/v2\/types\/post"}],"author":[{"embeddable":true,"href":"https:\/\/irmasdoroteias.pt\/index.php?rest_route=\/wp\/v2\/users\/1"}],"replies":[{"embeddable":true,"href":"https:\/\/irmasdoroteias.pt\/index.php?rest_route=%2Fwp%2Fv2%2Fcomments&post=1325"}],"version-history":[{"count":0,"href":"https:\/\/irmasdoroteias.pt\/index.php?rest_route=\/wp\/v2\/posts\/1325\/revisions"}],"wp:featuredmedia":[{"embeddable":true,"href":"https:\/\/irmasdoroteias.pt\/index.php?rest_route=\/wp\/v2\/media\/1328"}],"wp:attachment":[{"href":"https:\/\/irmasdoroteias.pt\/index.php?rest_route=%2Fwp%2Fv2%2Fmedia&parent=1325"}],"wp:term":[{"taxonomy":"category","embeddable":true,"href":"https:\/\/irmasdoroteias.pt\/index.php?rest_route=%2Fwp%2Fv2%2Fcategories&post=1325"},{"taxonomy":"post_tag","embeddable":true,"href":"https:\/\/irmasdoroteias.pt\/index.php?rest_route=%2Fwp%2Fv2%2Ftags&post=1325"}],"curies":[{"name":"wp","href":"https:\/\/api.w.org\/{rel}","templated":true}]}}