{"id":1092,"date":"2020-04-05T19:18:00","date_gmt":"2020-04-05T19:18:00","guid":{"rendered":"http:\/\/irmasdoroteias.pt\/?p=1092"},"modified":"2020-06-21T19:41:47","modified_gmt":"2020-06-21T19:41:47","slug":"passar-a-conversao-de-coracao-domingo-de-ramos","status":"publish","type":"post","link":"https:\/\/irmasdoroteias.pt\/?p=1092","title":{"rendered":"PASSAR \u00e0 convers\u00e3o de cora\u00e7\u00e3o: DOMINGO DE RAMOS"},"content":{"rendered":"\n<h3 class=\"wp-block-heading\">S\u00edmbolo de Santa Paula:<\/h3>\n\n\n\n<p><strong>Girassol:&nbsp;<\/strong>Junho de 1882. Paula adoeceu gravemente. Aproximava-se a sua hora. Apesar de todos os esfor\u00e7os dos m\u00e9dicos a doen\u00e7a progrediu e, no dia 11 desse m\u00eas, Paula morreu na grande paz de que goza um cora\u00e7\u00e3o que sempre fez o bem.<\/p>\n\n\n\n<p>Depois da sua morte, muitas pessoas recordavam todo o bem que ela fez. S. Jo\u00e3o Bosco, que conhecia muito bem Paula, disse a seu respeito: \u201c<strong>\u00c9 um verdadeiro girassol!<\/strong>\u201d<\/p>\n\n\n\n<p>Assim como o girassol se volta sempre para a luz do sol, assim Paula orientou sempre a sua vida para a Vontade de Deus.<\/p>\n\n\n\n<h3 class=\"wp-block-heading\">Domingo de Ramos<\/h3>\n\n\n\n<p><strong>Evangelho de Nosso Senhor Jesus Cristo segundo S\u00e3o Mateus<\/strong><\/p>\n\n\n\n<p><em>No primeiro dia da festa dos \u00c1zimos, os disc\u00edpulos foram ter com Jesus e perguntaram-lhe: \u00abOnde queres que fa\u00e7amos os preparativos para comer a P\u00e1scoa?\u00bb Ele respondeu: \u00abIde \u00e0 cidade, a casa de um certo homem e dizei-lhe: \u2018O Mestre manda dizer: O meu tempo est\u00e1 pr\u00f3ximo; \u00e9 em tua casa que quero celebrar a P\u00e1scoa com os meus disc\u00edpulos.\u2019\u00bb Os disc\u00edpulos fizeram como Jesus lhes ordenara e prepararam a P\u00e1scoa.&nbsp;<\/em><em>Ao cair da tarde, sentou-se \u00e0 mesa com os Doze. Enquanto comiam, disse: \u00abEm verdade vos digo: Um de v\u00f3s me h\u00e1-de entregar.\u00bb Profundamente entristecidos, come\u00e7aram a perguntar-lhe, cada um por sua vez: \u00abPorventura serei eu, Senhor?\u00bb Ele respondeu: \u00abO que mete comigo a m\u00e3o no prato, esse me entregar\u00e1. O Filho do Homem segue o seu caminho, como est\u00e1 escrito acerca dele; mas ai daquele por quem o Filho do Homem vai ser entregue. Seria melhor para esse homem n\u00e3o ter nascido!\u00bb Judas, o traidor, tomou a palavra e perguntou: \u00abPorventura serei eu, Mestre?\u00bb \u00abTu o disseste\u00bb \u2013 respondeu Jesus.&nbsp;<\/em><em>Enquanto comiam, Jesus tomou o p\u00e3o e, depois de pronunciar a b\u00ean\u00e7\u00e3o, partiu-o e deu-o aos seus disc\u00edpulos, dizendo: \u00abTomai, comei: Isto \u00e9 o meu corpo.\u00bb&nbsp;<\/em><em>Em seguida, tomou um c\u00e1lice, deu gra\u00e7as e entregou-lho, dizendo: \u00abBebei dele todos. Porque este \u00e9 o meu sangue, sangue da Alian\u00e7a, que vai ser derramado por muitos, para perd\u00e3o dos pecados. Eu vos digo: N\u00e3o beberei mais deste produto da videira, at\u00e9 ao dia em que beber o vinho novo convosco no Reino de meu Pai.\u00bb Depois de cantarem os salmos, sa\u00edram para o Monte das Oliveiras. Jesus disse-lhes, ent\u00e3o: \u00abNesta mesma noite, todos ficareis perturbados por minha causa, porque est\u00e1 escrito: Ferirei o pastor e as ovelhas do rebanho ser\u00e3o dispersas. Mas, depois da minha ressurrei\u00e7\u00e3o, hei-de preceder-vos na Galileia.\u00bb&nbsp;<\/em><em>Tomando a palavra, Pedro respondeu-lhe: \u00abAinda que todos fiquem perturbados por tua causa, eu nunca me perturbarei!\u00bb Jesus retorquiu-lhe: \u00abEm verdade te digo: Esta mesma noite, antes de o galo cantar, vais negar-me tr\u00eas vezes.\u00bb Pedro disse-lhe: \u00abMesmo que tenha de morrer contigo, n\u00e3o te negarei!\u00bb E todos os disc\u00edpulos afirmaram o mesmo. (Mt 26, 14 \u2013 27, 66)<\/em><\/p>\n\n\n\n<p><strong>Para refletir:<\/strong><\/p>\n\n\n\n<p><em>\u00c9 a Festa do Domingo de Ramos.<\/em><\/p>\n\n\n\n<p>Jesus, que viveu sempre voltado para o Pai, veio ao mundo para fazer a Sua Vontade e levou at\u00e9 ao extremo as consequ\u00eancias da sua identidade e miss\u00e3o, do Seu Amor pelo Pai e pela Humanidade.<br>Aquele que passou fazendo o bem aproxima-se, agora, de Jerusal\u00e9m, aproxima-se da Sua Hora, de partir deste mundo para o Pai.<br>Aquele que sempre andou a p\u00e9 ou de barco entra, agora, montado num jumentinho e deixa-se aclamar por Rei.<br>Defende e assume claramente a Sua identidade e miss\u00e3o.<br>Ele \u00e9 o Salvador esperado, o Messias, o libertador, o \u201cFilho de David\u201d.<\/p>\n\n\n\n<p>Entrando no&nbsp;<a href=\"http:\/\/www.liturgia.pt\/liturgiadiaria\/dia.php?data=2020-4-5\">Evangelho deste dia<\/a>,<br>\u201csomos todos levados a percorrer e a reviver as \u00faltimas e decisivas vinte e quatro horas de Jesus, desde as 15h00 de Quinta-Feira Santa at\u00e9 perto das 18h00 de Sexta-Feira Santa:<\/p>\n\n\n\n<div class=\"wp-block-image\"><figure class=\"alignright size-large is-resized\"><img decoding=\"async\" loading=\"lazy\" src=\"http:\/\/irmasdoroteias.pt\/wp-content\/uploads\/2020\/06\/Domingo-Quaresma-Insta_Rafa.png\" alt=\"\" class=\"wp-image-1093\" width=\"200\" height=\"200\"\/><\/figure><\/div>\n\n\n\n<ul><li>15h00 = Prepara\u00e7\u00e3o da Ceia<\/li><li>18h00 = Ceia Primeira!<\/li><li>21h00 = Gets\u00e9mani<\/li><li>24h00 = Pris\u00e3o de Jesus<\/li><li>03h00 = Pedro nega e o galo canta<\/li><li>06h00 = Jesus diante de Pilatos<\/li><li>09h00 = Crucifix\u00e3o de Jesus<\/li><li>12h00 = as trevas em vez da Luz!<\/li><li>15h00 = Morte de Jesus<\/li><li>18h00 = Sepultamento de Jesus\u201d<sup>1<\/sup><\/li><\/ul>\n\n\n\n<p><em>Aproxima-se a hora em que o que t\u00ednhamos por certo e seguro se desmorona.<\/em><\/p>\n\n\n\n<p>Vivemos o tempo da impot\u00eancia humana, a grande oportunidade para que Deus possa fazer milagres na nossa hist\u00f3ria.<\/p>\n\n\n\n<p>Precisamos de passar por dentro deste tempo de incerteza que nos d\u00e1 medo para aprendermos a entregar-nos a Deus, conscientes das nossas debilidades, e certos de que uma hora nova est\u00e1 j\u00e1 preparada para nascer.<\/p>\n\n\n\n<p>O homem acreditava que podia ser Senhor da vida e da morte, podia determinar quem pode nascer e quando vai morrer. Estamos a confrontar-nos com a nossa verdade: Deus d\u00e1-nos a possibilidade de dominar a terra mas n\u00e3o somos senhores de nada. Est\u00e1 a nascer um novo c\u00e9u, uma nova terra, uma nova humanidade. Um c\u00e9u mais claro, uma terra mais limpa, uma humanidade mais solid\u00e1ria. E j\u00e1 vemos os sinais.<\/p>\n\n\n\n<p><em>Aproxima-se a hora\u2026<\/em><\/p>\n\n\n\n<ul><li>Que estou a fazer para acolher esta hora?<\/li><li>Que me sinto a perder?<\/li><li>Que me sinto a ganhar?<\/li><li>A que me agarro para alimentar a esperan\u00e7a?<\/li><li>Para Onde \u00e9 que esta Hora me est\u00e1 a voltar?<\/li><\/ul>\n\n\n\n<p><strong><em>\u2026como o girassol, voltada para o sol, para Deus.<\/em><\/strong><\/p>\n\n\n\n<h3 class=\"wp-block-heading\">Frase da Semana:<\/h3>\n\n\n\n<p><strong>\u201cA tribula\u00e7\u00e3o cerca-nos de toda a parte\u2026por\u00e9m, n\u00e3o desanimo, porque sei que o gr\u00e3o, para dar fruto, primeiro tem que apodrecer debaixo da terra.\u201d Paula Frassinetti<\/strong><\/p>\n\n\n\n<p><sup>1&nbsp;<\/sup>in&nbsp;<a href=\"https:\/\/mesadepalavras.wordpress.com\/?s=domingo+de+ramos\">Mesa da Palavras<\/a><\/p>\n","protected":false},"excerpt":{"rendered":"<p>S\u00edmbolo de Santa Paula: Girassol:&nbsp;Junho de 1882. Paula adoeceu gravemente. Aproximava-se a sua hora. Apesar de todos os esfor\u00e7os dos m\u00e9dicos a doen\u00e7a progrediu e, no dia 11 desse m\u00eas, Paula morreu na grande paz de que goza um cora\u00e7\u00e3o que sempre fez o bem. Depois da sua morte, muitas pessoas recordavam todo o bem [&hellip;]<\/p>\n","protected":false},"author":1,"featured_media":1094,"comment_status":"closed","ping_status":"closed","sticky":false,"template":"","format":"standard","meta":{"_uag_custom_page_level_css":"","ghostkit_customizer_options":"","ghostkit_custom_css":"","ghostkit_custom_js_head":"","ghostkit_custom_js_foot":"","ghostkit_typography":""},"categories":[36,48],"tags":[51],"uagb_featured_image_src":{"full":["https:\/\/irmasdoroteias.pt\/wp-content\/uploads\/2020\/06\/Domingo-Ramos-Facebook_Rafa.png",4267,1670,false],"thumbnail":["https:\/\/irmasdoroteias.pt\/wp-content\/uploads\/2020\/06\/Domingo-Ramos-Facebook_Rafa.png",150,59,false],"medium":["https:\/\/irmasdoroteias.pt\/wp-content\/uploads\/2020\/06\/Domingo-Ramos-Facebook_Rafa-300x117.png",300,117,true],"medium_large":["https:\/\/irmasdoroteias.pt\/wp-content\/uploads\/2020\/06\/Domingo-Ramos-Facebook_Rafa.png",768,301,false],"large":["https:\/\/irmasdoroteias.pt\/wp-content\/uploads\/2020\/06\/Domingo-Ramos-Facebook_Rafa.png",1024,401,false],"1536x1536":["https:\/\/irmasdoroteias.pt\/wp-content\/uploads\/2020\/06\/Domingo-Ramos-Facebook_Rafa.png",1536,601,false],"2048x2048":["https:\/\/irmasdoroteias.pt\/wp-content\/uploads\/2020\/06\/Domingo-Ramos-Facebook_Rafa.png",2048,802,false]},"uagb_author_info":{"display_name":"Irm\u00e3s Doroteias","author_link":"https:\/\/irmasdoroteias.pt\/?author=1"},"uagb_comment_info":0,"uagb_excerpt":"S\u00edmbolo de Santa Paula: Girassol:&nbsp;Junho de 1882. Paula adoeceu gravemente. Aproximava-se a sua hora. Apesar de todos os esfor\u00e7os dos m\u00e9dicos a doen\u00e7a progrediu e, no dia 11 desse m\u00eas, Paula morreu na grande paz de que goza um cora\u00e7\u00e3o que sempre fez o bem. Depois da sua morte, muitas pessoas recordavam todo o bem&hellip;","rttpg_featured_image_url":{"full":["https:\/\/irmasdoroteias.pt\/wp-content\/uploads\/2020\/06\/Domingo-Ramos-Facebook_Rafa.png",4267,1670,false],"landscape":["https:\/\/irmasdoroteias.pt\/wp-content\/uploads\/2020\/06\/Domingo-Ramos-Facebook_Rafa.png",4267,1670,false],"portraits":["https:\/\/irmasdoroteias.pt\/wp-content\/uploads\/2020\/06\/Domingo-Ramos-Facebook_Rafa.png",4267,1670,false],"thumbnail":["https:\/\/irmasdoroteias.pt\/wp-content\/uploads\/2020\/06\/Domingo-Ramos-Facebook_Rafa.png",150,59,false],"medium":["https:\/\/irmasdoroteias.pt\/wp-content\/uploads\/2020\/06\/Domingo-Ramos-Facebook_Rafa-300x117.png",300,117,true],"medium_large":["https:\/\/irmasdoroteias.pt\/wp-content\/uploads\/2020\/06\/Domingo-Ramos-Facebook_Rafa.png",768,301,false],"large":["https:\/\/irmasdoroteias.pt\/wp-content\/uploads\/2020\/06\/Domingo-Ramos-Facebook_Rafa.png",1024,401,false],"1536x1536":["https:\/\/irmasdoroteias.pt\/wp-content\/uploads\/2020\/06\/Domingo-Ramos-Facebook_Rafa.png",1536,601,false],"2048x2048":["https:\/\/irmasdoroteias.pt\/wp-content\/uploads\/2020\/06\/Domingo-Ramos-Facebook_Rafa.png",2048,802,false]},"rttpg_author":{"display_name":"Irm\u00e3s Doroteias","author_link":"https:\/\/irmasdoroteias.pt\/?author=1"},"rttpg_comment":0,"rttpg_category":"<a href=\"https:\/\/irmasdoroteias.pt\/?cat=36\" rel=\"category\">Espiritualidade<\/a> <a href=\"https:\/\/irmasdoroteias.pt\/?cat=48\" rel=\"category\">Tempo Quaresma<\/a>","rttpg_excerpt":"S\u00edmbolo de Santa Paula: Girassol:&nbsp;Junho de 1882. Paula adoeceu gravemente. Aproximava-se a sua hora. Apesar de todos os esfor\u00e7os dos m\u00e9dicos a doen\u00e7a progrediu e, no dia 11 desse m\u00eas, Paula morreu na grande paz de que goza um cora\u00e7\u00e3o que sempre fez o bem. Depois da sua morte, muitas pessoas recordavam todo o bem&hellip;","post_mailing_queue_ids":[],"_links":{"self":[{"href":"https:\/\/irmasdoroteias.pt\/index.php?rest_route=\/wp\/v2\/posts\/1092"}],"collection":[{"href":"https:\/\/irmasdoroteias.pt\/index.php?rest_route=\/wp\/v2\/posts"}],"about":[{"href":"https:\/\/irmasdoroteias.pt\/index.php?rest_route=\/wp\/v2\/types\/post"}],"author":[{"embeddable":true,"href":"https:\/\/irmasdoroteias.pt\/index.php?rest_route=\/wp\/v2\/users\/1"}],"replies":[{"embeddable":true,"href":"https:\/\/irmasdoroteias.pt\/index.php?rest_route=%2Fwp%2Fv2%2Fcomments&post=1092"}],"version-history":[{"count":0,"href":"https:\/\/irmasdoroteias.pt\/index.php?rest_route=\/wp\/v2\/posts\/1092\/revisions"}],"wp:featuredmedia":[{"embeddable":true,"href":"https:\/\/irmasdoroteias.pt\/index.php?rest_route=\/wp\/v2\/media\/1094"}],"wp:attachment":[{"href":"https:\/\/irmasdoroteias.pt\/index.php?rest_route=%2Fwp%2Fv2%2Fmedia&parent=1092"}],"wp:term":[{"taxonomy":"category","embeddable":true,"href":"https:\/\/irmasdoroteias.pt\/index.php?rest_route=%2Fwp%2Fv2%2Fcategories&post=1092"},{"taxonomy":"post_tag","embeddable":true,"href":"https:\/\/irmasdoroteias.pt\/index.php?rest_route=%2Fwp%2Fv2%2Ftags&post=1092"}],"curies":[{"name":"wp","href":"https:\/\/api.w.org\/{rel}","templated":true}]}}